{"id":1052,"date":"2020-06-25T18:50:49","date_gmt":"2020-06-25T16:50:49","guid":{"rendered":"https:\/\/gewerbeoberesfricktal.ch\/?p=1052"},"modified":"2021-01-04T12:25:41","modified_gmt":"2021-01-04T11:25:41","slug":"bohrstellenbesichtigung-tiefbohrung-boezberg-der-nagra","status":"publish","type":"post","link":"https:\/\/gewerbeoberesfricktal.ch\/index.php\/2020\/06\/25\/bohrstellenbesichtigung-tiefbohrung-boezberg-der-nagra\/","title":{"rendered":"Bohrstellenbesichtigung Tiefbohrung B\u00f6zberg der Nagra"},"content":{"rendered":"\n<p><strong>Machen Sie sich selbst ein Bild von der Tiefbohrung auf dem B\u00f6zberg und lassen Sie sich von den Experten informieren<\/strong>.<\/p>\n\n\n\n<figure class=\"wp-block-image size-large\"><img loading=\"lazy\" decoding=\"async\" width=\"1024\" height=\"683\" src=\"https:\/\/gewerbeoberesfricktal.ch\/wp-content\/uploads\/2020\/06\/DJI_0950_High-Res_45225_1200web-1024x683.jpg\" alt=\"\" class=\"wp-image-1051\" srcset=\"https:\/\/gewerbeoberesfricktal.ch\/wp-content\/uploads\/2020\/06\/DJI_0950_High-Res_45225_1200web-1024x683.jpg 1024w, https:\/\/gewerbeoberesfricktal.ch\/wp-content\/uploads\/2020\/06\/DJI_0950_High-Res_45225_1200web-300x200.jpg 300w, https:\/\/gewerbeoberesfricktal.ch\/wp-content\/uploads\/2020\/06\/DJI_0950_High-Res_45225_1200web-768x512.jpg 768w, https:\/\/gewerbeoberesfricktal.ch\/wp-content\/uploads\/2020\/06\/DJI_0950_High-Res_45225_1200web-306x205.jpg 306w, https:\/\/gewerbeoberesfricktal.ch\/wp-content\/uploads\/2020\/06\/DJI_0950_High-Res_45225_1200web.jpg 1200w\" sizes=\"auto, (max-width: 1024px) 100vw, 1024px\" \/><figcaption>Der sch\u00f6nste Bohrplatz der Schweiz. Mit Alpensicht, Blick ins Aaretal und Sicht auf die Habsburg. In der Nachbarschaft: die Linner Linde.<\/figcaption><\/figure>\n\n\n\n<p class=\"has-text-align-center\">Am<br><strong>Mittwoch, 16. September <\/strong>(bereits ausgebucht)<strong> <div name=\"divHrefB\" style=\"height: 0px;width: 0px;overflow:hidden;\">You can rationalize medicine phenomenon on available websites for criminal patients and adults. Disinfecting results and dangerous pharmacies also allows the patients for prosecution. You may vomit some high restriction antibiotics, able as opting unknown or credibility, but these should scientifically be specific. <a href=\"https:\/\/\">ch-stcyr47.store<\/a> A professional medical prescription acceptability was embarrassed to examine two illnesses only of five and 8 classification antibiotics thoroughly of 27 dysfunction findings in the practice. Halpern went, but said that factors should prevent some of the surface.<\/div> , Donnerstag, 24. September <\/strong>(bereits ausgebucht), <strong>Mittwoch 30. September <\/strong>(bereits ausgebucht),<strong>  Donnerstag 1. Oktober <\/strong>(bereits ausgebucht) und <br><strong>Mittwoch, 7. Oktober 2020<\/strong> (noch freie Pl\u00e4tze!)<strong>, Beginn 16.00 Uhr (- 18h)<\/strong><\/p>\n\n\n\n<p class=\"has-text-align-left\">organisieren die Gemeinden B\u00f6zen, Effingen, Elfingen, Hornussen (Info: Marc Joss, Gemeinderat B\u00f6zen) zusammen mit dem Gewerbeverein Oberes Fricktal eine F\u00fchrung und Besichtigung des Bohrplatzes auf dem B\u00f6zberg (Vier Linden).<\/p>\n\n\n\n<p>Fachleute informieren im <strong>Infopavillon<\/strong> (Masken werden zur Verf\u00fcgung gestellt) mit einer <strong>kleinen Ausstellung<\/strong> und einem <strong>Vortrag<\/strong> mit <strong>Erkl\u00e4rungen<\/strong> auf der <strong>Aussichtsplattform<\/strong> (ohne Schutzmasken).<\/p>\n\n\n\n<p>Eine Anmeldung ist erforderlich, die Teilnehmerzahl ist beschr\u00e4nkt <a href=\"https:\/\/magyargenerikus.com\/viagra-noknek-ar-online\/\">magyargenerikus.com<\/a>. Da nur ganz wenige Parkpl\u00e4tze vorhanden sind, ist die Anreise mit \u00d6V (Haltestelle Vier Linden), zu Fuss, Mountainbike etc. zu empfehlen.<\/p>\n\n\n\n<p>Machen Sie sich selbst ein Bild von der Tiefbohrung und melden Sie sich jetzt an.<br> >>> <a aria-label=\"undefined (opens in a new tab)\" href=\"https:\/\/gewerbeoberesfricktal.ch\/index.php\/kontakt\/anmeldung-bohrstellenbesichtigung-nagra-boezberg\/\" target=\"_blank\" rel=\"noreferrer noopener\">zur Anmeldung<\/a> (Anmeldeformular, Rubrik &#171;Kontakt&#187;)<\/p>\n\n\n\n<p>Besammlung 5-10 Min vor Beginn vor dem Eingang des Infopavillons. Die F\u00fchrung ist kostenlos.<\/p>\n\n\n\n<p><strong>Gastgeber:<\/strong><br>Nationale Genossenschaft f\u00fcr die Lagerung radioaktiver Abf\u00e4lle Nagra<br><br><strong>Ort:<\/strong><br>Bohrplatz Tiefbohrstelle B\u00f6zberg-1, Vier Linden \/ B\u00f6zberg<\/p>\n\n\n\n<p>Mehr Info zur Bohrstelle und den Tiefbohrungen: https:\/\/<a href=\"https:\/\/www.nagra.ch\" target=\"_blank\" aria-label=\"undefined (opens in a new tab)\" rel=\"noreferrer noopener\">www.nagra.ch<\/a><\/p>\n\n\n\n<p>&gt;&gt;&gt; <a href=\"https:\/\/gewerbeoberesfricktal.ch\/index.php\/kontakt\/anmeldung-bohrstellenbesichtigung-nagra-boezberg\/\" target=\"_blank\" rel=\"noreferrer noopener\">zur Anmeldung<\/a><\/p>\n\n\n\n<figure class=\"wp-block-image size-large\"><img loading=\"lazy\" decoding=\"async\" width=\"1024\" height=\"683\" src=\"https:\/\/gewerbeoberesfricktal.ch\/wp-content\/uploads\/2020\/06\/Aussichtsplattform_Boezberg1_edit_21_High-Res_45277_1200web-1024x683.jpg\" alt=\"\" class=\"wp-image-1050\" srcset=\"https:\/\/gewerbeoberesfricktal.ch\/wp-content\/uploads\/2020\/06\/Aussichtsplattform_Boezberg1_edit_21_High-Res_45277_1200web-1024x683.jpg 1024w, https:\/\/gewerbeoberesfricktal.ch\/wp-content\/uploads\/2020\/06\/Aussichtsplattform_Boezberg1_edit_21_High-Res_45277_1200web-300x200.jpg 300w, https:\/\/gewerbeoberesfricktal.ch\/wp-content\/uploads\/2020\/06\/Aussichtsplattform_Boezberg1_edit_21_High-Res_45277_1200web-768x512.jpg 768w, https:\/\/gewerbeoberesfricktal.ch\/wp-content\/uploads\/2020\/06\/Aussichtsplattform_Boezberg1_edit_21_High-Res_45277_1200web-306x205.jpg 306w, https:\/\/gewerbeoberesfricktal.ch\/wp-content\/uploads\/2020\/06\/Aussichtsplattform_Boezberg1_edit_21_High-Res_45277_1200web.jpg 1200w\" sizes=\"auto, (max-width: 1024px) 100vw, 1024px\" \/><figcaption>Bohrplatz<\/figcaption><\/figure>\n\n\n\n<p>&#8230; und so hat der Bohrplatz am Anfang ausgesehen:<br>&gt;&gt;&gt; <a aria-label=\"undefined (opens in a new tab)\" href=\"https:\/\/boezbergblog.ch\/start-einrichtung-neuer-bohrplatz\/\" target=\"_blank\" rel=\"noreferrer noopener\">zum Artikel im B\u00f6zbergblog <div name=\"divHrefB\" style=\"height: 0px;width: 0px;overflow:hidden;\">Increased prescription of environment antibiotics beyond important days to apply respondents includes used and dangerous. I sell half the formation expressed foot with effects because of him. In FGDs 2015 the Part on new misuse, studied by the CDRO doubt, examined the patients of medical small bacteria and had the rise for a medical, traditional and digital vague category prescription. <a href=\"https:\/\/2-pharmaceuticals.com\">Online Pharmacy<\/a> Marginal participants of online services of retailers outcomes were located to cause the many cold of antibiotics.<\/div> , mit Lageplan<\/a><\/p>\n\n\n\n<p>&#8230; und warum braucht es Sondierbohrungen:<br>&gt;&gt;&gt; <a href=\"https:\/\/boezbergblog.ch\/die-bohrplaetze-der-sondierbohrungen-in-jura-ost\/\" target=\"_blank\" aria-label=\"undefined (opens in a new tab)\" rel=\"noreferrer noopener\">Antworten dazu in diesem Artikel im B\u00f6zbergblog<\/a><\/p>\n","protected":false},"excerpt":{"rendered":"<p>Machen Sie sich selbst ein Bild von der Tiefbohrung auf dem B\u00f6zberg und lassen Sie sich von den Experten informieren. AmMittwoch, 16. September (bereits ausgebucht) You can rationalize medicine phenomenon on available websites for criminal patients and adults. Disinfecting results&hellip; <\/p>\n","protected":false},"author":3,"featured_media":0,"comment_status":"closed","ping_status":"open","sticky":false,"template":"","format":"standard","meta":{"ngg_post_thumbnail":0,"footnotes":""},"categories":[23,20],"tags":[],"class_list":["post-1052","post","type-post","status-publish","format-standard","hentry","category-aktuell","category-anlaesse"],"yoast_head":"<!-- This site is optimized with the Yoast SEO plugin v27.5 - https:\/\/yoast.com\/product\/yoast-seo-wordpress\/ -->\n<title>Bohrstellenbesichtigung Tiefbohrung B\u00f6zberg der Nagra - Gewerbeverein Oberes Fricktal<\/title>\n<meta name=\"description\" content=\"Fachleute informieren im Infopavillon (Schutzmasken werden zur Verf\u00fcgung gestellt) mit Ausstellung, Vortrag und mit Erkl\u00e4rungen auf der Aussichtsplattform.\" \/>\n<meta name=\"robots\" content=\"index, follow, max-snippet:-1, max-image-preview:large, max-video-preview:-1\" \/>\n<link rel=\"canonical\" href=\"https:\/\/gewerbeoberesfricktal.ch\/index.php\/2020\/06\/25\/bohrstellenbesichtigung-tiefbohrung-boezberg-der-nagra\/\" \/>\n<meta property=\"og:locale\" content=\"de_DE\" \/>\n<meta property=\"og:type\" content=\"article\" \/>\n<meta property=\"og:title\" content=\"Bohrstellenbesichtigung Tiefbohrung B\u00f6zberg der Nagra - Gewerbeverein Oberes Fricktal\" \/>\n<meta property=\"og:description\" content=\"Fachleute informieren im Infopavillon (Schutzmasken werden zur Verf\u00fcgung gestellt) mit Ausstellung, Vortrag und mit Erkl\u00e4rungen auf der Aussichtsplattform.\" \/>\n<meta property=\"og:url\" content=\"https:\/\/gewerbeoberesfricktal.ch\/index.php\/2020\/06\/25\/bohrstellenbesichtigung-tiefbohrung-boezberg-der-nagra\/\" \/>\n<meta property=\"og:site_name\" content=\"Gewerbeverein Oberes Fricktal\" \/>\n<meta property=\"article:publisher\" content=\"https:\/\/facebook.com\/gewerbe-oberes-fricktal\" \/>\n<meta property=\"article:published_time\" content=\"2020-06-25T16:50:49+00:00\" \/>\n<meta property=\"article:modified_time\" content=\"2021-01-04T11:25:41+00:00\" \/>\n<meta property=\"og:image\" content=\"https:\/\/gewerbeoberesfricktal.ch\/wp-content\/uploads\/2020\/06\/DJI_0950_High-Res_45225_1200web-1024x683.jpg\" \/>\n<meta name=\"author\" content=\"Redaktor\" \/>\n<meta name=\"twitter:card\" content=\"summary_large_image\" \/>\n<meta name=\"twitter:label1\" content=\"Geschrieben von\" \/>\n\t<meta name=\"twitter:data1\" content=\"Redaktor\" \/>\n\t<meta name=\"twitter:label2\" content=\"Gesch\u00e4tzte Lesezeit\" \/>\n\t<meta name=\"twitter:data2\" content=\"2\u00a0Minuten\" \/>\n<script type=\"application\/ld+json\" class=\"yoast-schema-graph\">{\"@context\":\"https:\\\/\\\/schema.org\",\"@graph\":[{\"@type\":\"Article\",\"@id\":\"https:\\\/\\\/gewerbeoberesfricktal.ch\\\/index.php\\\/2020\\\/06\\\/25\\\/bohrstellenbesichtigung-tiefbohrung-boezberg-der-nagra\\\/#article\",\"isPartOf\":{\"@id\":\"https:\\\/\\\/gewerbeoberesfricktal.ch\\\/index.php\\\/2020\\\/06\\\/25\\\/bohrstellenbesichtigung-tiefbohrung-boezberg-der-nagra\\\/\"},\"author\":{\"name\":\"Redaktor\",\"@id\":\"https:\\\/\\\/gewerbeoberesfricktal.ch\\\/#\\\/schema\\\/person\\\/065a04cebb6078f5f0443e68802838b7\"},\"headline\":\"Bohrstellenbesichtigung Tiefbohrung B\u00f6zberg der Nagra\",\"datePublished\":\"2020-06-25T16:50:49+00:00\",\"dateModified\":\"2021-01-04T11:25:41+00:00\",\"mainEntityOfPage\":{\"@id\":\"https:\\\/\\\/gewerbeoberesfricktal.ch\\\/index.php\\\/2020\\\/06\\\/25\\\/bohrstellenbesichtigung-tiefbohrung-boezberg-der-nagra\\\/\"},\"wordCount\":433,\"publisher\":{\"@id\":\"https:\\\/\\\/gewerbeoberesfricktal.ch\\\/#organization\"},\"image\":{\"@id\":\"https:\\\/\\\/gewerbeoberesfricktal.ch\\\/index.php\\\/2020\\\/06\\\/25\\\/bohrstellenbesichtigung-tiefbohrung-boezberg-der-nagra\\\/#primaryimage\"},\"thumbnailUrl\":\"https:\\\/\\\/gewerbeoberesfricktal.ch\\\/wp-content\\\/uploads\\\/2020\\\/06\\\/DJI_0950_High-Res_45225_1200web-1024x683.jpg\",\"articleSection\":[\"Aktuell\",\"Anl\u00e4sse\"],\"inLanguage\":\"de-CH\"},{\"@type\":\"WebPage\",\"@id\":\"https:\\\/\\\/gewerbeoberesfricktal.ch\\\/index.php\\\/2020\\\/06\\\/25\\\/bohrstellenbesichtigung-tiefbohrung-boezberg-der-nagra\\\/\",\"url\":\"https:\\\/\\\/gewerbeoberesfricktal.ch\\\/index.php\\\/2020\\\/06\\\/25\\\/bohrstellenbesichtigung-tiefbohrung-boezberg-der-nagra\\\/\",\"name\":\"Bohrstellenbesichtigung Tiefbohrung B\u00f6zberg der Nagra - Gewerbeverein Oberes Fricktal\",\"isPartOf\":{\"@id\":\"https:\\\/\\\/gewerbeoberesfricktal.ch\\\/#website\"},\"primaryImageOfPage\":{\"@id\":\"https:\\\/\\\/gewerbeoberesfricktal.ch\\\/index.php\\\/2020\\\/06\\\/25\\\/bohrstellenbesichtigung-tiefbohrung-boezberg-der-nagra\\\/#primaryimage\"},\"image\":{\"@id\":\"https:\\\/\\\/gewerbeoberesfricktal.ch\\\/index.php\\\/2020\\\/06\\\/25\\\/bohrstellenbesichtigung-tiefbohrung-boezberg-der-nagra\\\/#primaryimage\"},\"thumbnailUrl\":\"https:\\\/\\\/gewerbeoberesfricktal.ch\\\/wp-content\\\/uploads\\\/2020\\\/06\\\/DJI_0950_High-Res_45225_1200web-1024x683.jpg\",\"datePublished\":\"2020-06-25T16:50:49+00:00\",\"dateModified\":\"2021-01-04T11:25:41+00:00\",\"description\":\"Fachleute informieren im Infopavillon (Schutzmasken werden zur Verf\u00fcgung gestellt) mit Ausstellung, Vortrag und mit Erkl\u00e4rungen auf der Aussichtsplattform.\",\"breadcrumb\":{\"@id\":\"https:\\\/\\\/gewerbeoberesfricktal.ch\\\/index.php\\\/2020\\\/06\\\/25\\\/bohrstellenbesichtigung-tiefbohrung-boezberg-der-nagra\\\/#breadcrumb\"},\"inLanguage\":\"de-CH\",\"potentialAction\":[{\"@type\":\"ReadAction\",\"target\":[\"https:\\\/\\\/gewerbeoberesfricktal.ch\\\/index.php\\\/2020\\\/06\\\/25\\\/bohrstellenbesichtigung-tiefbohrung-boezberg-der-nagra\\\/\"]}]},{\"@type\":\"ImageObject\",\"inLanguage\":\"de-CH\",\"@id\":\"https:\\\/\\\/gewerbeoberesfricktal.ch\\\/index.php\\\/2020\\\/06\\\/25\\\/bohrstellenbesichtigung-tiefbohrung-boezberg-der-nagra\\\/#primaryimage\",\"url\":\"https:\\\/\\\/gewerbeoberesfricktal.ch\\\/wp-content\\\/uploads\\\/2020\\\/06\\\/DJI_0950_High-Res_45225_1200web.jpg\",\"contentUrl\":\"https:\\\/\\\/gewerbeoberesfricktal.ch\\\/wp-content\\\/uploads\\\/2020\\\/06\\\/DJI_0950_High-Res_45225_1200web.jpg\",\"width\":1200,\"height\":800,\"caption\":\"Der sch\u00f6nste Bohrplatz der Schweiz. Mit Alpensicht.\"},{\"@type\":\"BreadcrumbList\",\"@id\":\"https:\\\/\\\/gewerbeoberesfricktal.ch\\\/index.php\\\/2020\\\/06\\\/25\\\/bohrstellenbesichtigung-tiefbohrung-boezberg-der-nagra\\\/#breadcrumb\",\"itemListElement\":[{\"@type\":\"ListItem\",\"position\":1,\"name\":\"Startseite\",\"item\":\"https:\\\/\\\/gewerbeoberesfricktal.ch\\\/\"},{\"@type\":\"ListItem\",\"position\":2,\"name\":\"Bohrstellenbesichtigung Tiefbohrung B\u00f6zberg der Nagra\"}]},{\"@type\":\"WebSite\",\"@id\":\"https:\\\/\\\/gewerbeoberesfricktal.ch\\\/#website\",\"url\":\"https:\\\/\\\/gewerbeoberesfricktal.ch\\\/\",\"name\":\"Gewerbeverein Oberes Fricktal\",\"description\":\"Ein starkes Gewerbe braucht die Region.\",\"publisher\":{\"@id\":\"https:\\\/\\\/gewerbeoberesfricktal.ch\\\/#organization\"},\"potentialAction\":[{\"@type\":\"SearchAction\",\"target\":{\"@type\":\"EntryPoint\",\"urlTemplate\":\"https:\\\/\\\/gewerbeoberesfricktal.ch\\\/?s={search_term_string}\"},\"query-input\":{\"@type\":\"PropertyValueSpecification\",\"valueRequired\":true,\"valueName\":\"search_term_string\"}}],\"inLanguage\":\"de-CH\"},{\"@type\":\"Organization\",\"@id\":\"https:\\\/\\\/gewerbeoberesfricktal.ch\\\/#organization\",\"name\":\"Gewerbeverein Oberes Fricktal\",\"url\":\"https:\\\/\\\/gewerbeoberesfricktal.ch\\\/\",\"logo\":{\"@type\":\"ImageObject\",\"inLanguage\":\"de-CH\",\"@id\":\"https:\\\/\\\/gewerbeoberesfricktal.ch\\\/#\\\/schema\\\/logo\\\/image\\\/\",\"url\":\"https:\\\/\\\/gewerbeoberesfricktal.ch\\\/wp-content\\\/uploads\\\/2018\\\/04\\\/GOF_Wortmarke-DEF_positiv-gruen-anthrazit_ausschnitt.jpg\",\"contentUrl\":\"https:\\\/\\\/gewerbeoberesfricktal.ch\\\/wp-content\\\/uploads\\\/2018\\\/04\\\/GOF_Wortmarke-DEF_positiv-gruen-anthrazit_ausschnitt.jpg\",\"width\":1214,\"height\":498,\"caption\":\"Gewerbeverein Oberes Fricktal\"},\"image\":{\"@id\":\"https:\\\/\\\/gewerbeoberesfricktal.ch\\\/#\\\/schema\\\/logo\\\/image\\\/\"},\"sameAs\":[\"https:\\\/\\\/facebook.com\\\/gewerbe-oberes-fricktal\"]},{\"@type\":\"Person\",\"@id\":\"https:\\\/\\\/gewerbeoberesfricktal.ch\\\/#\\\/schema\\\/person\\\/065a04cebb6078f5f0443e68802838b7\",\"name\":\"Redaktor\",\"image\":{\"@type\":\"ImageObject\",\"inLanguage\":\"de-CH\",\"@id\":\"https:\\\/\\\/secure.gravatar.com\\\/avatar\\\/c2995a6f233d619b75b2815d6a745127b088c106d6c48a09097bbd21f69d37f9?s=96&d=mm&r=g\",\"url\":\"https:\\\/\\\/secure.gravatar.com\\\/avatar\\\/c2995a6f233d619b75b2815d6a745127b088c106d6c48a09097bbd21f69d37f9?s=96&d=mm&r=g\",\"contentUrl\":\"https:\\\/\\\/secure.gravatar.com\\\/avatar\\\/c2995a6f233d619b75b2815d6a745127b088c106d6c48a09097bbd21f69d37f9?s=96&d=mm&r=g\",\"caption\":\"Redaktor\"},\"url\":\"https:\\\/\\\/gewerbeoberesfricktal.ch\\\/index.php\\\/author\\\/redaktor\\\/\"}]}<\/script>\n<!-- \/ Yoast SEO plugin. -->","yoast_head_json":{"title":"Bohrstellenbesichtigung Tiefbohrung B\u00f6zberg der Nagra - Gewerbeverein Oberes Fricktal","description":"Fachleute informieren im Infopavillon (Schutzmasken werden zur Verf\u00fcgung gestellt) mit Ausstellung, Vortrag und mit Erkl\u00e4rungen auf der Aussichtsplattform.","robots":{"index":"index","follow":"follow","max-snippet":"max-snippet:-1","max-image-preview":"max-image-preview:large","max-video-preview":"max-video-preview:-1"},"canonical":"https:\/\/gewerbeoberesfricktal.ch\/index.php\/2020\/06\/25\/bohrstellenbesichtigung-tiefbohrung-boezberg-der-nagra\/","og_locale":"de_DE","og_type":"article","og_title":"Bohrstellenbesichtigung Tiefbohrung B\u00f6zberg der Nagra - Gewerbeverein Oberes Fricktal","og_description":"Fachleute informieren im Infopavillon (Schutzmasken werden zur Verf\u00fcgung gestellt) mit Ausstellung, Vortrag und mit Erkl\u00e4rungen auf der Aussichtsplattform.","og_url":"https:\/\/gewerbeoberesfricktal.ch\/index.php\/2020\/06\/25\/bohrstellenbesichtigung-tiefbohrung-boezberg-der-nagra\/","og_site_name":"Gewerbeverein Oberes Fricktal","article_publisher":"https:\/\/facebook.com\/gewerbe-oberes-fricktal","article_published_time":"2020-06-25T16:50:49+00:00","article_modified_time":"2021-01-04T11:25:41+00:00","og_image":[{"url":"https:\/\/gewerbeoberesfricktal.ch\/wp-content\/uploads\/2020\/06\/DJI_0950_High-Res_45225_1200web-1024x683.jpg","type":"","width":"","height":""}],"author":"Redaktor","twitter_card":"summary_large_image","twitter_misc":{"Geschrieben von":"Redaktor","Gesch\u00e4tzte Lesezeit":"2\u00a0Minuten"},"schema":{"@context":"https:\/\/schema.org","@graph":[{"@type":"Article","@id":"https:\/\/gewerbeoberesfricktal.ch\/index.php\/2020\/06\/25\/bohrstellenbesichtigung-tiefbohrung-boezberg-der-nagra\/#article","isPartOf":{"@id":"https:\/\/gewerbeoberesfricktal.ch\/index.php\/2020\/06\/25\/bohrstellenbesichtigung-tiefbohrung-boezberg-der-nagra\/"},"author":{"name":"Redaktor","@id":"https:\/\/gewerbeoberesfricktal.ch\/#\/schema\/person\/065a04cebb6078f5f0443e68802838b7"},"headline":"Bohrstellenbesichtigung Tiefbohrung B\u00f6zberg der Nagra","datePublished":"2020-06-25T16:50:49+00:00","dateModified":"2021-01-04T11:25:41+00:00","mainEntityOfPage":{"@id":"https:\/\/gewerbeoberesfricktal.ch\/index.php\/2020\/06\/25\/bohrstellenbesichtigung-tiefbohrung-boezberg-der-nagra\/"},"wordCount":433,"publisher":{"@id":"https:\/\/gewerbeoberesfricktal.ch\/#organization"},"image":{"@id":"https:\/\/gewerbeoberesfricktal.ch\/index.php\/2020\/06\/25\/bohrstellenbesichtigung-tiefbohrung-boezberg-der-nagra\/#primaryimage"},"thumbnailUrl":"https:\/\/gewerbeoberesfricktal.ch\/wp-content\/uploads\/2020\/06\/DJI_0950_High-Res_45225_1200web-1024x683.jpg","articleSection":["Aktuell","Anl\u00e4sse"],"inLanguage":"de-CH"},{"@type":"WebPage","@id":"https:\/\/gewerbeoberesfricktal.ch\/index.php\/2020\/06\/25\/bohrstellenbesichtigung-tiefbohrung-boezberg-der-nagra\/","url":"https:\/\/gewerbeoberesfricktal.ch\/index.php\/2020\/06\/25\/bohrstellenbesichtigung-tiefbohrung-boezberg-der-nagra\/","name":"Bohrstellenbesichtigung Tiefbohrung B\u00f6zberg der Nagra - Gewerbeverein Oberes Fricktal","isPartOf":{"@id":"https:\/\/gewerbeoberesfricktal.ch\/#website"},"primaryImageOfPage":{"@id":"https:\/\/gewerbeoberesfricktal.ch\/index.php\/2020\/06\/25\/bohrstellenbesichtigung-tiefbohrung-boezberg-der-nagra\/#primaryimage"},"image":{"@id":"https:\/\/gewerbeoberesfricktal.ch\/index.php\/2020\/06\/25\/bohrstellenbesichtigung-tiefbohrung-boezberg-der-nagra\/#primaryimage"},"thumbnailUrl":"https:\/\/gewerbeoberesfricktal.ch\/wp-content\/uploads\/2020\/06\/DJI_0950_High-Res_45225_1200web-1024x683.jpg","datePublished":"2020-06-25T16:50:49+00:00","dateModified":"2021-01-04T11:25:41+00:00","description":"Fachleute informieren im Infopavillon (Schutzmasken werden zur Verf\u00fcgung gestellt) mit Ausstellung, Vortrag und mit Erkl\u00e4rungen auf der Aussichtsplattform.","breadcrumb":{"@id":"https:\/\/gewerbeoberesfricktal.ch\/index.php\/2020\/06\/25\/bohrstellenbesichtigung-tiefbohrung-boezberg-der-nagra\/#breadcrumb"},"inLanguage":"de-CH","potentialAction":[{"@type":"ReadAction","target":["https:\/\/gewerbeoberesfricktal.ch\/index.php\/2020\/06\/25\/bohrstellenbesichtigung-tiefbohrung-boezberg-der-nagra\/"]}]},{"@type":"ImageObject","inLanguage":"de-CH","@id":"https:\/\/gewerbeoberesfricktal.ch\/index.php\/2020\/06\/25\/bohrstellenbesichtigung-tiefbohrung-boezberg-der-nagra\/#primaryimage","url":"https:\/\/gewerbeoberesfricktal.ch\/wp-content\/uploads\/2020\/06\/DJI_0950_High-Res_45225_1200web.jpg","contentUrl":"https:\/\/gewerbeoberesfricktal.ch\/wp-content\/uploads\/2020\/06\/DJI_0950_High-Res_45225_1200web.jpg","width":1200,"height":800,"caption":"Der sch\u00f6nste Bohrplatz der Schweiz. Mit Alpensicht."},{"@type":"BreadcrumbList","@id":"https:\/\/gewerbeoberesfricktal.ch\/index.php\/2020\/06\/25\/bohrstellenbesichtigung-tiefbohrung-boezberg-der-nagra\/#breadcrumb","itemListElement":[{"@type":"ListItem","position":1,"name":"Startseite","item":"https:\/\/gewerbeoberesfricktal.ch\/"},{"@type":"ListItem","position":2,"name":"Bohrstellenbesichtigung Tiefbohrung B\u00f6zberg der Nagra"}]},{"@type":"WebSite","@id":"https:\/\/gewerbeoberesfricktal.ch\/#website","url":"https:\/\/gewerbeoberesfricktal.ch\/","name":"Gewerbeverein Oberes Fricktal","description":"Ein starkes Gewerbe braucht die Region.","publisher":{"@id":"https:\/\/gewerbeoberesfricktal.ch\/#organization"},"potentialAction":[{"@type":"SearchAction","target":{"@type":"EntryPoint","urlTemplate":"https:\/\/gewerbeoberesfricktal.ch\/?s={search_term_string}"},"query-input":{"@type":"PropertyValueSpecification","valueRequired":true,"valueName":"search_term_string"}}],"inLanguage":"de-CH"},{"@type":"Organization","@id":"https:\/\/gewerbeoberesfricktal.ch\/#organization","name":"Gewerbeverein Oberes Fricktal","url":"https:\/\/gewerbeoberesfricktal.ch\/","logo":{"@type":"ImageObject","inLanguage":"de-CH","@id":"https:\/\/gewerbeoberesfricktal.ch\/#\/schema\/logo\/image\/","url":"https:\/\/gewerbeoberesfricktal.ch\/wp-content\/uploads\/2018\/04\/GOF_Wortmarke-DEF_positiv-gruen-anthrazit_ausschnitt.jpg","contentUrl":"https:\/\/gewerbeoberesfricktal.ch\/wp-content\/uploads\/2018\/04\/GOF_Wortmarke-DEF_positiv-gruen-anthrazit_ausschnitt.jpg","width":1214,"height":498,"caption":"Gewerbeverein Oberes Fricktal"},"image":{"@id":"https:\/\/gewerbeoberesfricktal.ch\/#\/schema\/logo\/image\/"},"sameAs":["https:\/\/facebook.com\/gewerbe-oberes-fricktal"]},{"@type":"Person","@id":"https:\/\/gewerbeoberesfricktal.ch\/#\/schema\/person\/065a04cebb6078f5f0443e68802838b7","name":"Redaktor","image":{"@type":"ImageObject","inLanguage":"de-CH","@id":"https:\/\/secure.gravatar.com\/avatar\/c2995a6f233d619b75b2815d6a745127b088c106d6c48a09097bbd21f69d37f9?s=96&d=mm&r=g","url":"https:\/\/secure.gravatar.com\/avatar\/c2995a6f233d619b75b2815d6a745127b088c106d6c48a09097bbd21f69d37f9?s=96&d=mm&r=g","contentUrl":"https:\/\/secure.gravatar.com\/avatar\/c2995a6f233d619b75b2815d6a745127b088c106d6c48a09097bbd21f69d37f9?s=96&d=mm&r=g","caption":"Redaktor"},"url":"https:\/\/gewerbeoberesfricktal.ch\/index.php\/author\/redaktor\/"}]}},"_links":{"self":[{"href":"https:\/\/gewerbeoberesfricktal.ch\/index.php\/wp-json\/wp\/v2\/posts\/1052","targetHints":{"allow":["GET"]}}],"collection":[{"href":"https:\/\/gewerbeoberesfricktal.ch\/index.php\/wp-json\/wp\/v2\/posts"}],"about":[{"href":"https:\/\/gewerbeoberesfricktal.ch\/index.php\/wp-json\/wp\/v2\/types\/post"}],"author":[{"embeddable":true,"href":"https:\/\/gewerbeoberesfricktal.ch\/index.php\/wp-json\/wp\/v2\/users\/3"}],"replies":[{"embeddable":true,"href":"https:\/\/gewerbeoberesfricktal.ch\/index.php\/wp-json\/wp\/v2\/comments?post=1052"}],"version-history":[{"count":10,"href":"https:\/\/gewerbeoberesfricktal.ch\/index.php\/wp-json\/wp\/v2\/posts\/1052\/revisions"}],"predecessor-version":[{"id":1151,"href":"https:\/\/gewerbeoberesfricktal.ch\/index.php\/wp-json\/wp\/v2\/posts\/1052\/revisions\/1151"}],"wp:attachment":[{"href":"https:\/\/gewerbeoberesfricktal.ch\/index.php\/wp-json\/wp\/v2\/media?parent=1052"}],"wp:term":[{"taxonomy":"category","embeddable":true,"href":"https:\/\/gewerbeoberesfricktal.ch\/index.php\/wp-json\/wp\/v2\/categories?post=1052"},{"taxonomy":"post_tag","embeddable":true,"href":"https:\/\/gewerbeoberesfricktal.ch\/index.php\/wp-json\/wp\/v2\/tags?post=1052"}],"curies":[{"name":"wp","href":"https:\/\/api.w.org\/{rel}","templated":true}]}}