{"id":1221,"date":"2021-03-31T10:46:40","date_gmt":"2021-03-31T08:46:40","guid":{"rendered":"https:\/\/gewerbeoberesfricktal.ch\/?p=1221"},"modified":"2022-08-28T12:44:47","modified_gmt":"2022-08-28T10:44:47","slug":"diverse-impressionen-2021","status":"publish","type":"post","link":"https:\/\/gewerbeoberesfricktal.ch\/index.php\/2021\/03\/31\/diverse-impressionen-2021\/","title":{"rendered":"Diverse Impressionen 2021"},"content":{"rendered":"\n<p><strong>Impressionen und Eindr\u00fccke, Feedbacks und Fotos zu Anl\u00e4ssen und Aktivit\u00e4ten im Jahr 2021.<\/strong><br>Updated 29-10-2021<\/p>\n\n\n\n<p><\/p>\n\n\n\n<p> <\/p>\n\n\n\n<p><strong>After Work Ap\u00e9ro mit Besichtigung<\/strong><\/p>\n\n\n\n<figure class=\"wp-block-image size-full\"><img loading=\"lazy\" decoding=\"async\" width=\"800\" height=\"450\" src=\"https:\/\/gewerbeoberesfricktal.ch\/wp-content\/uploads\/2021\/10\/IMAG9337korr800web.jpg\" alt=\"\" class=\"wp-image-1358\" srcset=\"https:\/\/gewerbeoberesfricktal.ch\/wp-content\/uploads\/2021\/10\/IMAG9337korr800web.jpg 800w, https:\/\/gewerbeoberesfricktal.ch\/wp-content\/uploads\/2021\/10\/IMAG9337korr800web-300x169.jpg 300w, https:\/\/gewerbeoberesfricktal.ch\/wp-content\/uploads\/2021\/10\/IMAG9337korr800web-768x432.jpg 768w\" sizes=\"auto, (max-width: 800px) 100vw, 800px\" \/><figcaption>After Work Visit<\/figcaption><\/figure>\n\n\n\n<p>Am Donnerstag, 28. Oktober 2021 pr\u00e4sentierte uns am After Work Ap\u00e9ro ein Vereinsmitglied die gr\u00f6sste Modelleisenbahn im Oberen Fricktal. Eine vielseitige Modelleisenbahnlandschaft mit Hightech &#8211; Steuerung. Ein Hobby, das speziell in hektischen Zeiten ein grosser Beitrag f\u00fcr die Entschleunigung und Gesundheitsf\u00f6rderung darstellt. Das ganze Rollmaterial entspricht real existierenden Fahrzeugen. Jedes mit seiner ganz speziellen Geschichte.. spannend erz\u00e4hlt vom Erbauer. Hier einige Eindr\u00fccke von der Eisenbahnwelt:<\/p>\n\n\n\nngg_shortcode_0_placeholder\n\n\n\n<p><\/p>\n\n\n\n<p><strong>Innovation &#8211; Lunch: Sichere Stromversorgung f\u00fcr PC\/Elektronik \u2013 \u00dcberblick und M\u00f6glichkeiten.<\/strong><\/p>\n\n\n\n<p>Am Mittwoch, 16. Juni 2021 fand der Innovation &#8211; Lunch zum Thema: Sichere Stromversorgung f\u00fcr PC\/Elektronik \u2013 \u00dcberblick und M\u00f6glichkeiten, statt. Aus aktuellem Anlass, der Zunahme von Netz- und Datenst\u00f6rungen, die zunehmenden Cyber &#8211; Angriffe und die mittlerweile hohe Gefahr pl\u00f6tzlicher und l\u00e4nger dauernden Brown- und Blackouts, wurden unter den Teilnehmenden die wichtigsten Fakten w\u00e4hrend einer Stunde ausgetauscht. Es gibt stark risikomindernde Massnahmen mit grosser Wirkung, die auch preisg\u00fcnstig sind. In den Fokus r\u00fcckt dabei auch der Punkt &#171;Datenschutz, insbesondere auch die Datensicherung&#187;. Am Anlass galt es, die \u00dcbersicht \u00fcber das breite Thema zu erhalten. Jeder ist betroffen, auch die ganz kleinen Kleinstunternehmer und Homeofficemanager&#8230; \ud83d\ude42 Der Anlass fand in der N\u00e4he der Interessenten \/ Teilnehmenden statt und kann gerne auf Wunsch von weiteren interessierten Personen wiederholt werden. Zum Einsatz kam wie immer ein Merk-, Info- und Arbeitsblatt zur Umsetzung.<\/p>\n\n\n\n<p><strong>2. Traditionelles Outdoor R\u00f6mer Neujahr R\u00f6mer Fondue<\/strong><\/p>\n\n\n\n<p><strong>After Work Treff: Outdoor &#8211; R\u00f6mer &#8211; Neujahr &#8211; Fondue mit Ap\u00e9ro f\u00fcr Alle am Freitag, 8. Januar 2021<\/strong><br>Nat\u00fcrlich mit lokalen Produkten: Vom K\u00e4se \u00fcber Kirsch  , Holz, Brot, feines Dessertgeb\u00e4ck, den ersten und einzigen B\u00f6ztaler Weinen bis zum f\u00fchrenden Regionalgastronom f\u00fcr Kesselfondue mit Lichtkunst &#171;Fondue Maxe&#187;. Die stimmungsvollen Lichter und der Einbezug des Vollmondes und des Waldes &#171;entschleunigten&#187; und boten eine romantische Kulisse. Aufgrund der staatlichen Wirtschaftseinschr\u00e4nkungen konnten nur 9 Personen teilnehmen (max. erlaubte Teilnehmerzahl war 10). Der Anlass ist vom Gewerbeverein Oberes Fricktal und den folgenden Vereinen \/ Interessengruppen organisiert worden: Verein \u00dcberbetriebliche Zusammenarbeit  , IG Attraktiver Standort B\u00f6zberg-West (ASB), Verein Kompetenz Netzwerk Standortf\u00f6rderung (KNS).<\/p>\n\n\n\nngg_shortcode_1_placeholder\n\n\n\n<p><strong>Mini-Workshop<\/strong><br>Am Freitag, 29. Januar 2021 von 10.00 &#8211; 11.00 Uhr fand spontan und kurzfristig ein Mini &#8211; Workshop zum aktuellen Thema &#171;e-Meeting organisieren&#187; bei einem Mitglied statt. (Arbeits- und Merkblatt  , Checkliste bei &#171;Dokumente&#187; im Infoteil).<\/p>\n\n\n\n<p><strong>Arbeitsgruppenaustausch<\/strong><br>Freitag, 12. Februar 2021, 10.00h bis Mittag: Arbeitsgruppenaustausch zum Thema Gewerbeverein neue Aktivit\u00e4ten \/ Ausblicke \/ Fachkr\u00e4ftepool 2021 +<\/p>\n\n\n\n<p><strong>Die Mittwochtreffs mit Innovation-Breakfast (7-8h) und Richpoint; Teilnahme auch per e-Medien. <\/strong><br>Hier einige Eindr\u00fccke:<br>(folgen)<\/p>\n\n\n\n<p><\/p>\n\n\n\n<p><strong>Spontane anl\u00e4sse, Afterwork &#8211; Ap\u00e9ro<\/strong><br>(folgt)<\/p>\n\n\n\n<p><strong>Workshop<\/strong><br>Am Montag, 3. Mai 2021, von 13.30 &#8211; 18.00 zum Thema &#171;Akquisition Auftr\u00e4ge, Marketing&#187; trafen sich 3 Teilnehmende in einem Betrieb im Raum Obersee, Schwyz. Die Vorbereitungsaufgaben und Erfahrungen wurden ausgewertet und der Businessplan angepasst. Wichtige Teile und Aktivit\u00e4ten sind zur Umsetzung vorbereitet und ein Ergebnis- \/ Knowhow &#8211; Protokoll entstand.<\/p>\n\n\n\n<p><strong>Kreativ &#8211; Grill<\/strong><br>Mittwoch, 12. Mai 2021, virtuell integriert im Mittwochstreff und als &#171;Afterwork &#8211; Ap\u00e9ro&#187; durchgef\u00fchrt. <br>(folgt)<\/p>\n\n\n\n<p><\/p>\n\n\n\n<p><\/p>\n\n\n\n<p>&gt;&gt;&gt; wird weitergef\u00fchrt und erg\u00e4nzt<\/p>\n\n\n\n<p>>>> zum Artikel <a href=\"https:\/\/gewerbeoberesfricktal.ch\/index.php\/2022\/08\/26\/diverse-impressionen-2022\/\">&#171;Impressionen 2022&#187;<\/a><br>>>> zum Artikel <a href=\"https:\/\/gewerbeoberesfricktal.ch\/index.php\/2020\/05\/28\/diverse-impressionen-2020\/\">&#171;Impressionen 2020&#187;<\/a><br>>>> zum Artikel <a href=\"https:\/\/gewerbeoberesfricktal.ch\/index.php\/2019\/12\/30\/diverse-impressionen-2019\/\">&#171;Impressionen 2019&#187;<\/a><\/p>\n","protected":false},"excerpt":{"rendered":"<p>Impressionen und Eindr\u00fccke, Feedbacks und Fotos zu Anl\u00e4ssen und Aktivit\u00e4ten im Jahr 2021.Updated 29-10-2021 After Work Ap\u00e9ro mit Besichtigung Am Donnerstag, 28. Oktober 2021 pr\u00e4sentierte uns am After Work Ap\u00e9ro ein Vereinsmitglied die gr\u00f6sste Modelleisenbahn im Oberen Fricktal. Eine vielseitige&hellip; <\/p>\n","protected":false},"author":6,"featured_media":0,"comment_status":"closed","ping_status":"open","sticky":false,"template":"","format":"standard","meta":{"ngg_post_thumbnail":0,"footnotes":""},"categories":[23,30],"tags":[45],"class_list":["post-1221","post","type-post","status-publish","format-standard","hentry","category-aktuell","category-impressionen","tag-anlaesse"],"yoast_head":"<!-- This site is optimized with the Yoast SEO plugin v27.5 - https:\/\/yoast.com\/product\/yoast-seo-wordpress\/ -->\n<title>Diverse Impressionen 2021 - Gewerbeverein Oberes Fricktal<\/title>\n<meta name=\"description\" content=\"Impressionen und Eindr\u00fccke, Feedbacks und Fotos zu Anl\u00e4ssen und Aktivit\u00e4ten im Jahr 2021. Outdoor-R\u00f6mer-Neujahrs-Fondue.\" \/>\n<meta name=\"robots\" content=\"index, follow, max-snippet:-1, max-image-preview:large, max-video-preview:-1\" \/>\n<link rel=\"canonical\" href=\"https:\/\/gewerbeoberesfricktal.ch\/index.php\/2021\/03\/31\/diverse-impressionen-2021\/\" \/>\n<meta property=\"og:locale\" content=\"de_DE\" \/>\n<meta property=\"og:type\" content=\"article\" \/>\n<meta property=\"og:title\" content=\"Diverse Impressionen 2021 - Gewerbeverein Oberes Fricktal\" \/>\n<meta property=\"og:description\" content=\"Impressionen und Eindr\u00fccke, Feedbacks und Fotos zu Anl\u00e4ssen und Aktivit\u00e4ten im Jahr 2021. Outdoor-R\u00f6mer-Neujahrs-Fondue.\" \/>\n<meta property=\"og:url\" content=\"https:\/\/gewerbeoberesfricktal.ch\/index.php\/2021\/03\/31\/diverse-impressionen-2021\/\" \/>\n<meta property=\"og:site_name\" content=\"Gewerbeverein Oberes Fricktal\" \/>\n<meta property=\"article:publisher\" content=\"https:\/\/facebook.com\/gewerbe-oberes-fricktal\" \/>\n<meta property=\"article:published_time\" content=\"2021-03-31T08:46:40+00:00\" \/>\n<meta property=\"article:modified_time\" content=\"2022-08-28T10:44:47+00:00\" \/>\n<meta property=\"og:image\" content=\"https:\/\/gewerbeoberesfricktal.ch\/wp-content\/uploads\/2021\/10\/IMAG9337korr800web.jpg\" \/>\n<meta name=\"author\" content=\"Der Betreuer\" \/>\n<meta name=\"twitter:card\" content=\"summary_large_image\" \/>\n<meta name=\"twitter:label1\" content=\"Geschrieben von\" \/>\n\t<meta name=\"twitter:data1\" content=\"Der Betreuer\" \/>\n\t<meta name=\"twitter:label2\" content=\"Gesch\u00e4tzte Lesezeit\" \/>\n\t<meta name=\"twitter:data2\" content=\"4\u00a0Minuten\" \/>\n<script type=\"application\/ld+json\" class=\"yoast-schema-graph\">{\"@context\":\"https:\\\/\\\/schema.org\",\"@graph\":[{\"@type\":\"Article\",\"@id\":\"https:\\\/\\\/gewerbeoberesfricktal.ch\\\/index.php\\\/2021\\\/03\\\/31\\\/diverse-impressionen-2021\\\/#article\",\"isPartOf\":{\"@id\":\"https:\\\/\\\/gewerbeoberesfricktal.ch\\\/index.php\\\/2021\\\/03\\\/31\\\/diverse-impressionen-2021\\\/\"},\"author\":{\"name\":\"Der Betreuer\",\"@id\":\"https:\\\/\\\/gewerbeoberesfricktal.ch\\\/#\\\/schema\\\/person\\\/613bea67b58e80370a29f039dfef4e13\"},\"headline\":\"Diverse Impressionen 2021\",\"datePublished\":\"2021-03-31T08:46:40+00:00\",\"dateModified\":\"2022-08-28T10:44:47+00:00\",\"mainEntityOfPage\":{\"@id\":\"https:\\\/\\\/gewerbeoberesfricktal.ch\\\/index.php\\\/2021\\\/03\\\/31\\\/diverse-impressionen-2021\\\/\"},\"wordCount\":560,\"publisher\":{\"@id\":\"https:\\\/\\\/gewerbeoberesfricktal.ch\\\/#organization\"},\"image\":{\"@id\":\"https:\\\/\\\/gewerbeoberesfricktal.ch\\\/index.php\\\/2021\\\/03\\\/31\\\/diverse-impressionen-2021\\\/#primaryimage\"},\"thumbnailUrl\":\"https:\\\/\\\/gewerbeoberesfricktal.ch\\\/wp-content\\\/uploads\\\/2021\\\/10\\\/IMAG9337korr800web.jpg\",\"keywords\":[\"Anl\u00e4sse\"],\"articleSection\":[\"Aktuell\",\"Impressionen\"],\"inLanguage\":\"de-CH\"},{\"@type\":\"WebPage\",\"@id\":\"https:\\\/\\\/gewerbeoberesfricktal.ch\\\/index.php\\\/2021\\\/03\\\/31\\\/diverse-impressionen-2021\\\/\",\"url\":\"https:\\\/\\\/gewerbeoberesfricktal.ch\\\/index.php\\\/2021\\\/03\\\/31\\\/diverse-impressionen-2021\\\/\",\"name\":\"Diverse Impressionen 2021 - Gewerbeverein Oberes Fricktal\",\"isPartOf\":{\"@id\":\"https:\\\/\\\/gewerbeoberesfricktal.ch\\\/#website\"},\"primaryImageOfPage\":{\"@id\":\"https:\\\/\\\/gewerbeoberesfricktal.ch\\\/index.php\\\/2021\\\/03\\\/31\\\/diverse-impressionen-2021\\\/#primaryimage\"},\"image\":{\"@id\":\"https:\\\/\\\/gewerbeoberesfricktal.ch\\\/index.php\\\/2021\\\/03\\\/31\\\/diverse-impressionen-2021\\\/#primaryimage\"},\"thumbnailUrl\":\"https:\\\/\\\/gewerbeoberesfricktal.ch\\\/wp-content\\\/uploads\\\/2021\\\/10\\\/IMAG9337korr800web.jpg\",\"datePublished\":\"2021-03-31T08:46:40+00:00\",\"dateModified\":\"2022-08-28T10:44:47+00:00\",\"description\":\"Impressionen und Eindr\u00fccke, Feedbacks und Fotos zu Anl\u00e4ssen und Aktivit\u00e4ten im Jahr 2021. Outdoor-R\u00f6mer-Neujahrs-Fondue.\",\"breadcrumb\":{\"@id\":\"https:\\\/\\\/gewerbeoberesfricktal.ch\\\/index.php\\\/2021\\\/03\\\/31\\\/diverse-impressionen-2021\\\/#breadcrumb\"},\"inLanguage\":\"de-CH\",\"potentialAction\":[{\"@type\":\"ReadAction\",\"target\":[\"https:\\\/\\\/gewerbeoberesfricktal.ch\\\/index.php\\\/2021\\\/03\\\/31\\\/diverse-impressionen-2021\\\/\"]}]},{\"@type\":\"ImageObject\",\"inLanguage\":\"de-CH\",\"@id\":\"https:\\\/\\\/gewerbeoberesfricktal.ch\\\/index.php\\\/2021\\\/03\\\/31\\\/diverse-impressionen-2021\\\/#primaryimage\",\"url\":\"https:\\\/\\\/gewerbeoberesfricktal.ch\\\/wp-content\\\/uploads\\\/2021\\\/10\\\/IMAG9337korr800web.jpg\",\"contentUrl\":\"https:\\\/\\\/gewerbeoberesfricktal.ch\\\/wp-content\\\/uploads\\\/2021\\\/10\\\/IMAG9337korr800web.jpg\",\"width\":800,\"height\":450,\"caption\":\"After Work Visit\"},{\"@type\":\"BreadcrumbList\",\"@id\":\"https:\\\/\\\/gewerbeoberesfricktal.ch\\\/index.php\\\/2021\\\/03\\\/31\\\/diverse-impressionen-2021\\\/#breadcrumb\",\"itemListElement\":[{\"@type\":\"ListItem\",\"position\":1,\"name\":\"Startseite\",\"item\":\"https:\\\/\\\/gewerbeoberesfricktal.ch\\\/\"},{\"@type\":\"ListItem\",\"position\":2,\"name\":\"Diverse Impressionen 2021\"}]},{\"@type\":\"WebSite\",\"@id\":\"https:\\\/\\\/gewerbeoberesfricktal.ch\\\/#website\",\"url\":\"https:\\\/\\\/gewerbeoberesfricktal.ch\\\/\",\"name\":\"Gewerbeverein Oberes Fricktal\",\"description\":\"Ein starkes Gewerbe braucht die Region.\",\"publisher\":{\"@id\":\"https:\\\/\\\/gewerbeoberesfricktal.ch\\\/#organization\"},\"potentialAction\":[{\"@type\":\"SearchAction\",\"target\":{\"@type\":\"EntryPoint\",\"urlTemplate\":\"https:\\\/\\\/gewerbeoberesfricktal.ch\\\/?s={search_term_string}\"},\"query-input\":{\"@type\":\"PropertyValueSpecification\",\"valueRequired\":true,\"valueName\":\"search_term_string\"}}],\"inLanguage\":\"de-CH\"},{\"@type\":\"Organization\",\"@id\":\"https:\\\/\\\/gewerbeoberesfricktal.ch\\\/#organization\",\"name\":\"Gewerbeverein Oberes Fricktal\",\"url\":\"https:\\\/\\\/gewerbeoberesfricktal.ch\\\/\",\"logo\":{\"@type\":\"ImageObject\",\"inLanguage\":\"de-CH\",\"@id\":\"https:\\\/\\\/gewerbeoberesfricktal.ch\\\/#\\\/schema\\\/logo\\\/image\\\/\",\"url\":\"https:\\\/\\\/gewerbeoberesfricktal.ch\\\/wp-content\\\/uploads\\\/2018\\\/04\\\/GOF_Wortmarke-DEF_positiv-gruen-anthrazit_ausschnitt.jpg\",\"contentUrl\":\"https:\\\/\\\/gewerbeoberesfricktal.ch\\\/wp-content\\\/uploads\\\/2018\\\/04\\\/GOF_Wortmarke-DEF_positiv-gruen-anthrazit_ausschnitt.jpg\",\"width\":1214,\"height\":498,\"caption\":\"Gewerbeverein Oberes Fricktal\"},\"image\":{\"@id\":\"https:\\\/\\\/gewerbeoberesfricktal.ch\\\/#\\\/schema\\\/logo\\\/image\\\/\"},\"sameAs\":[\"https:\\\/\\\/facebook.com\\\/gewerbe-oberes-fricktal\"]},{\"@type\":\"Person\",\"@id\":\"https:\\\/\\\/gewerbeoberesfricktal.ch\\\/#\\\/schema\\\/person\\\/613bea67b58e80370a29f039dfef4e13\",\"name\":\"Der Betreuer\",\"image\":{\"@type\":\"ImageObject\",\"inLanguage\":\"de-CH\",\"@id\":\"https:\\\/\\\/secure.gravatar.com\\\/avatar\\\/3b75c904eccd339d456be774dc308895f8c5f1400b263f32f8a39b677eae0f70?s=96&d=mm&r=g\",\"url\":\"https:\\\/\\\/secure.gravatar.com\\\/avatar\\\/3b75c904eccd339d456be774dc308895f8c5f1400b263f32f8a39b677eae0f70?s=96&d=mm&r=g\",\"contentUrl\":\"https:\\\/\\\/secure.gravatar.com\\\/avatar\\\/3b75c904eccd339d456be774dc308895f8c5f1400b263f32f8a39b677eae0f70?s=96&d=mm&r=g\",\"caption\":\"Der Betreuer\"},\"url\":\"https:\\\/\\\/gewerbeoberesfricktal.ch\\\/index.php\\\/author\\\/homepagebetreuer\\\/\"}]}<\/script>\n<!-- \/ Yoast SEO plugin. -->","yoast_head_json":{"title":"Diverse Impressionen 2021 - Gewerbeverein Oberes Fricktal","description":"Impressionen und Eindr\u00fccke, Feedbacks und Fotos zu Anl\u00e4ssen und Aktivit\u00e4ten im Jahr 2021. Outdoor-R\u00f6mer-Neujahrs-Fondue.","robots":{"index":"index","follow":"follow","max-snippet":"max-snippet:-1","max-image-preview":"max-image-preview:large","max-video-preview":"max-video-preview:-1"},"canonical":"https:\/\/gewerbeoberesfricktal.ch\/index.php\/2021\/03\/31\/diverse-impressionen-2021\/","og_locale":"de_DE","og_type":"article","og_title":"Diverse Impressionen 2021 - Gewerbeverein Oberes Fricktal","og_description":"Impressionen und Eindr\u00fccke, Feedbacks und Fotos zu Anl\u00e4ssen und Aktivit\u00e4ten im Jahr 2021. Outdoor-R\u00f6mer-Neujahrs-Fondue.","og_url":"https:\/\/gewerbeoberesfricktal.ch\/index.php\/2021\/03\/31\/diverse-impressionen-2021\/","og_site_name":"Gewerbeverein Oberes Fricktal","article_publisher":"https:\/\/facebook.com\/gewerbe-oberes-fricktal","article_published_time":"2021-03-31T08:46:40+00:00","article_modified_time":"2022-08-28T10:44:47+00:00","og_image":[{"url":"https:\/\/gewerbeoberesfricktal.ch\/wp-content\/uploads\/2021\/10\/IMAG9337korr800web.jpg","type":"","width":"","height":""}],"author":"Der Betreuer","twitter_card":"summary_large_image","twitter_misc":{"Geschrieben von":"Der Betreuer","Gesch\u00e4tzte Lesezeit":"4\u00a0Minuten"},"schema":{"@context":"https:\/\/schema.org","@graph":[{"@type":"Article","@id":"https:\/\/gewerbeoberesfricktal.ch\/index.php\/2021\/03\/31\/diverse-impressionen-2021\/#article","isPartOf":{"@id":"https:\/\/gewerbeoberesfricktal.ch\/index.php\/2021\/03\/31\/diverse-impressionen-2021\/"},"author":{"name":"Der Betreuer","@id":"https:\/\/gewerbeoberesfricktal.ch\/#\/schema\/person\/613bea67b58e80370a29f039dfef4e13"},"headline":"Diverse Impressionen 2021","datePublished":"2021-03-31T08:46:40+00:00","dateModified":"2022-08-28T10:44:47+00:00","mainEntityOfPage":{"@id":"https:\/\/gewerbeoberesfricktal.ch\/index.php\/2021\/03\/31\/diverse-impressionen-2021\/"},"wordCount":560,"publisher":{"@id":"https:\/\/gewerbeoberesfricktal.ch\/#organization"},"image":{"@id":"https:\/\/gewerbeoberesfricktal.ch\/index.php\/2021\/03\/31\/diverse-impressionen-2021\/#primaryimage"},"thumbnailUrl":"https:\/\/gewerbeoberesfricktal.ch\/wp-content\/uploads\/2021\/10\/IMAG9337korr800web.jpg","keywords":["Anl\u00e4sse"],"articleSection":["Aktuell","Impressionen"],"inLanguage":"de-CH"},{"@type":"WebPage","@id":"https:\/\/gewerbeoberesfricktal.ch\/index.php\/2021\/03\/31\/diverse-impressionen-2021\/","url":"https:\/\/gewerbeoberesfricktal.ch\/index.php\/2021\/03\/31\/diverse-impressionen-2021\/","name":"Diverse Impressionen 2021 - Gewerbeverein Oberes Fricktal","isPartOf":{"@id":"https:\/\/gewerbeoberesfricktal.ch\/#website"},"primaryImageOfPage":{"@id":"https:\/\/gewerbeoberesfricktal.ch\/index.php\/2021\/03\/31\/diverse-impressionen-2021\/#primaryimage"},"image":{"@id":"https:\/\/gewerbeoberesfricktal.ch\/index.php\/2021\/03\/31\/diverse-impressionen-2021\/#primaryimage"},"thumbnailUrl":"https:\/\/gewerbeoberesfricktal.ch\/wp-content\/uploads\/2021\/10\/IMAG9337korr800web.jpg","datePublished":"2021-03-31T08:46:40+00:00","dateModified":"2022-08-28T10:44:47+00:00","description":"Impressionen und Eindr\u00fccke, Feedbacks und Fotos zu Anl\u00e4ssen und Aktivit\u00e4ten im Jahr 2021. Outdoor-R\u00f6mer-Neujahrs-Fondue.","breadcrumb":{"@id":"https:\/\/gewerbeoberesfricktal.ch\/index.php\/2021\/03\/31\/diverse-impressionen-2021\/#breadcrumb"},"inLanguage":"de-CH","potentialAction":[{"@type":"ReadAction","target":["https:\/\/gewerbeoberesfricktal.ch\/index.php\/2021\/03\/31\/diverse-impressionen-2021\/"]}]},{"@type":"ImageObject","inLanguage":"de-CH","@id":"https:\/\/gewerbeoberesfricktal.ch\/index.php\/2021\/03\/31\/diverse-impressionen-2021\/#primaryimage","url":"https:\/\/gewerbeoberesfricktal.ch\/wp-content\/uploads\/2021\/10\/IMAG9337korr800web.jpg","contentUrl":"https:\/\/gewerbeoberesfricktal.ch\/wp-content\/uploads\/2021\/10\/IMAG9337korr800web.jpg","width":800,"height":450,"caption":"After Work Visit"},{"@type":"BreadcrumbList","@id":"https:\/\/gewerbeoberesfricktal.ch\/index.php\/2021\/03\/31\/diverse-impressionen-2021\/#breadcrumb","itemListElement":[{"@type":"ListItem","position":1,"name":"Startseite","item":"https:\/\/gewerbeoberesfricktal.ch\/"},{"@type":"ListItem","position":2,"name":"Diverse Impressionen 2021"}]},{"@type":"WebSite","@id":"https:\/\/gewerbeoberesfricktal.ch\/#website","url":"https:\/\/gewerbeoberesfricktal.ch\/","name":"Gewerbeverein Oberes Fricktal","description":"Ein starkes Gewerbe braucht die Region.","publisher":{"@id":"https:\/\/gewerbeoberesfricktal.ch\/#organization"},"potentialAction":[{"@type":"SearchAction","target":{"@type":"EntryPoint","urlTemplate":"https:\/\/gewerbeoberesfricktal.ch\/?s={search_term_string}"},"query-input":{"@type":"PropertyValueSpecification","valueRequired":true,"valueName":"search_term_string"}}],"inLanguage":"de-CH"},{"@type":"Organization","@id":"https:\/\/gewerbeoberesfricktal.ch\/#organization","name":"Gewerbeverein Oberes Fricktal","url":"https:\/\/gewerbeoberesfricktal.ch\/","logo":{"@type":"ImageObject","inLanguage":"de-CH","@id":"https:\/\/gewerbeoberesfricktal.ch\/#\/schema\/logo\/image\/","url":"https:\/\/gewerbeoberesfricktal.ch\/wp-content\/uploads\/2018\/04\/GOF_Wortmarke-DEF_positiv-gruen-anthrazit_ausschnitt.jpg","contentUrl":"https:\/\/gewerbeoberesfricktal.ch\/wp-content\/uploads\/2018\/04\/GOF_Wortmarke-DEF_positiv-gruen-anthrazit_ausschnitt.jpg","width":1214,"height":498,"caption":"Gewerbeverein Oberes Fricktal"},"image":{"@id":"https:\/\/gewerbeoberesfricktal.ch\/#\/schema\/logo\/image\/"},"sameAs":["https:\/\/facebook.com\/gewerbe-oberes-fricktal"]},{"@type":"Person","@id":"https:\/\/gewerbeoberesfricktal.ch\/#\/schema\/person\/613bea67b58e80370a29f039dfef4e13","name":"Der Betreuer","image":{"@type":"ImageObject","inLanguage":"de-CH","@id":"https:\/\/secure.gravatar.com\/avatar\/3b75c904eccd339d456be774dc308895f8c5f1400b263f32f8a39b677eae0f70?s=96&d=mm&r=g","url":"https:\/\/secure.gravatar.com\/avatar\/3b75c904eccd339d456be774dc308895f8c5f1400b263f32f8a39b677eae0f70?s=96&d=mm&r=g","contentUrl":"https:\/\/secure.gravatar.com\/avatar\/3b75c904eccd339d456be774dc308895f8c5f1400b263f32f8a39b677eae0f70?s=96&d=mm&r=g","caption":"Der Betreuer"},"url":"https:\/\/gewerbeoberesfricktal.ch\/index.php\/author\/homepagebetreuer\/"}]}},"_links":{"self":[{"href":"https:\/\/gewerbeoberesfricktal.ch\/index.php\/wp-json\/wp\/v2\/posts\/1221","targetHints":{"allow":["GET"]}}],"collection":[{"href":"https:\/\/gewerbeoberesfricktal.ch\/index.php\/wp-json\/wp\/v2\/posts"}],"about":[{"href":"https:\/\/gewerbeoberesfricktal.ch\/index.php\/wp-json\/wp\/v2\/types\/post"}],"author":[{"embeddable":true,"href":"https:\/\/gewerbeoberesfricktal.ch\/index.php\/wp-json\/wp\/v2\/users\/6"}],"replies":[{"embeddable":true,"href":"https:\/\/gewerbeoberesfricktal.ch\/index.php\/wp-json\/wp\/v2\/comments?post=1221"}],"version-history":[{"count":13,"href":"https:\/\/gewerbeoberesfricktal.ch\/index.php\/wp-json\/wp\/v2\/posts\/1221\/revisions"}],"predecessor-version":[{"id":1532,"href":"https:\/\/gewerbeoberesfricktal.ch\/index.php\/wp-json\/wp\/v2\/posts\/1221\/revisions\/1532"}],"wp:attachment":[{"href":"https:\/\/gewerbeoberesfricktal.ch\/index.php\/wp-json\/wp\/v2\/media?parent=1221"}],"wp:term":[{"taxonomy":"category","embeddable":true,"href":"https:\/\/gewerbeoberesfricktal.ch\/index.php\/wp-json\/wp\/v2\/categories?post=1221"},{"taxonomy":"post_tag","embeddable":true,"href":"https:\/\/gewerbeoberesfricktal.ch\/index.php\/wp-json\/wp\/v2\/tags?post=1221"}],"curies":[{"name":"wp","href":"https:\/\/api.w.org\/{rel}","templated":true}]}}