{"id":1862,"date":"2025-01-20T15:19:00","date_gmt":"2025-01-20T14:19:00","guid":{"rendered":"https:\/\/gewerbeoberesfricktal.ch\/?p=1862"},"modified":"2026-01-21T22:57:13","modified_gmt":"2026-01-21T21:57:13","slug":"jahresprogramm-2025","status":"publish","type":"post","link":"https:\/\/gewerbeoberesfricktal.ch\/index.php\/2025\/01\/20\/jahresprogramm-2025\/","title":{"rendered":"Jahresprogramm 2025"},"content":{"rendered":"\n<h2 class=\"wp-block-heading\"><strong>Jahresprogramm und Aktivit\u00e4ten im 2025<\/strong><\/h2>\n\n\n\n<p>Stand 31. Dezember 2025<br><\/p>\n\n\n\n<p><strong>Freitag, 10. Januar 2025<\/strong>:<br>After Work Treff: <strong>Das 6. Outdoor-R\u00f6mer-Neujahr-Fondue<\/strong> 18.00 Uhr; bei Waldhaus im Oberen Fricktal. F\u00fcr Vereins- und Partnervereinsmitglieder sowie interessierte Personen aus nah und fern. Aufwandsbeteiligung 60.- Fr. (Aktive Vereinsmitglieder: 30.- Fr.)<br>Anmeldung erforderlich.<\/p>\n\n\n\n<p><strong>Donnerstag, 6. Februar 2025<\/strong>:<br>Mitgliederversammlung; anschliessend 1700 &#8211; 1800h<strong> Fachvortrag<\/strong> zu aktuellem Thema mit Diskussion.<\/p>\n\n\n\n<p><strong>Mittwochtreffs \/ Richpoints \/ Workshops \/ Innovation-Lunch \/ Arbeitsgruppen \/ Weiterbildungen \/ etc.<\/strong><br>(j\u00e4hrliche, monatliche Mittwochstreffs: Richpoint, Vereinstag, Arbeits-, Themen- und Interessengruppen, Aktivit\u00e4ten, 1:1, virtuell, opendoor Gesch\u00e4ftsstelle, Inhalte und Organisation nach aktuellem Bedarf)<br>Mittwoch, 12. Februar: mit Pilot Innovation-Lunch &#171;Fiverr &#8211; Dienstleistungsplattform&#187;<br>Mittwoch, 19. M\u00e4rz: Miniworkshop &#171;Projektmanagement im Alltag unter erschwerten Bedingungen&#187;<br>Mittwoch, 16. April: &#171;Selbstwertgef\u00fchl+Motivation in der 2. Lebensh\u00e4lfte&#187;<br>Mittwoch, 14. Mai: &#171;Zeit haben k\u00f6nnen&#187; und &#171;AI erfolgreich anwenden&#187;<br>Mittwoch, 18. Juni: &#171;Wir machen ein Whitepaper&#187;<br>Mittwoch, 16. Juli (Ausland)<br>Mittwoch, 13. August (Ausland)<br>Mittwoch, 17. September: &#171;AI\/KI\/VR erfolgreich nutzen&#187;, Interessengruppen update<br>Mittwoch, 15. Oktober: &#171;Mein\/Unser Qualit\u00e4tsmanagement&#187; und &#171;Unternehmenskultur &#8211; unsere Kultur im Unternehmen&#187;<br>Mittwoch, 19. November: &#171;Wertsch\u00e4tzend kommunizieren, handeln und f\u00fchren&#187;<br>Mittwoch, 17. Dezember: &#171;Chancen 2026 erkennen und wahrnehmen&#187; (zus\u00e4tzlicher Anlass, im November entschieden)<\/p>\n\n\n\n<p>Themen auf dem Radar: <br>&#171;Zeit haben k\u00f6nnen&#187;, &#171;Wertsch\u00e4tzend kommunizieren, handeln und f\u00fchren&#187;, &#171;Wertsch\u00e4tzung und Respekt als Basis f\u00fcr Gesundheit und Lebensqualit\u00e4t&#187;, &#171;Mein \/ unser Qualit\u00e4tsmanagement&#187;, &#171;Mein Gesch\u00e4ftsmodell an die neue Situation anpassen&#187;<\/p>\n\n\n\n<p><strong>Innovation-Lunches<\/strong><br>Freitag, 14. Februar 2025: &#171;Fiverr &#8211; Dienstleistungsplattform&#187; 11.45\/12.00h &#8211; 13.00h, Staad, ausgebucht<br>Mittwoch, 19. Februar 2025: &#171;Fiverr &#8211; Dienstleistungsplattform&#187; 11.45\/12.00h &#8211; 13.00h, Oberes Fricktal<br>Dienstag, 25. M\u00e4rz 2025: &#171;Wir nutzen KI\/AI\/AR produktiv: verf\u00fcgbare Tools und Aufgaben&#187;, 11.45\/12.00h &#8211; 13.00h, Oberes Fricktal, 2 Pl\u00e4tze frei<br>Dienstag, 20. Mai 2025: &#171;Fiverr &#8211; Dienstleistungsplattform&#187; 11.45\/12.00h &#8211; 13.00h, Staad\/Hundertwasser<br>Mittwoch, 17. September 2025: &#171;AI\/KI\/VR erfolgreich nutzen&#187;<br>Dienstag, 7. Oktober 2025: &#171;Stressbew\u00e4ltigung im Alltag&#187;<br>Mittwoch, 8. Oktober 2025: &#171;Meine Karriereentwicklung im neuen Umfeld&#187;<br>Mittwoch, 17. November 2025 und Mittwoch 17. Dezember 2025: &#171;Content Producer &#8211; Funktion und Nutzen&#187;<br><br>Weitere stets in Vorbereitung und Planung<br>Aktuelle Vorschl\u00e4ge zu diesen Themen:<br>&#171;Zeit haben k\u00f6nnen&#187;, &#171;Wertsch\u00e4tzend kommunizieren, handeln und f\u00fchren&#187;, &#171;Wertsch\u00e4tzung und Respekt als Basis f\u00fcr Gesundheit und Lebensqualit\u00e4t&#187;, &#171;Mein \/ unser Qualit\u00e4tsmanagement&#187;, &#171;Mein Gesch\u00e4ftsmodell an die neue Situation anpassen&#187;<\/p>\n\n\n\n<p><strong>&#171;Innovation-Lunch on the road&#187;<\/strong><br>machen &#8211; bewegen &#8211; bewirken, Anmeldung erforderlich, Anzahl Teilnehmende beschr\u00e4nkt.<br>Im Kreativ-Mekka Markthalle Altenrhein Hundertwasser, 20. Mai 2025.<br>Weiter vorgesehen, in Vorbereitung.<\/p>\n\n\n\n<p><strong>Einzahlungsfrist 31. M\u00e4rz 2025<\/strong><br>SB, Aktivmitgliederbeitr\u00e4ge f\u00fcr 2025 \ud83d\ude42<br>&gt;&gt;&gt; <a href=\"https:\/\/gewerbeoberesfricktal.ch\/wp-content\/uploads\/2024\/12\/Rechnung_Mitgliederbeitrag_GOF_2025.pdf\" target=\"_blank\" rel=\"noreferrer noopener\">Link zur SB Rechnung<\/a> (pdf)<\/p>\n\n\n\n<p><strong>After Work Ap\u00e9ro Treff<\/strong><br>Montag, 30. Juni 2025: Apero und Grill &#8211; &#171;Semester- und Jahreszwischenbilanz mit Ausblick Chancen&#187;<br>ab 17h<br>Fotowettbewerb (gemeinsam mit Partner-Vereinen) Gewinner werden bekanntgegeben: am 30.06.2025<br>weitere Treffs in Planung, auch spontan.<\/p>\n\n\n\n<p>Montag, (Datum in Vorbereitung) 2025: Trends, Aktivit\u00e4ten und Chancen, 17.00h \u2013 18.00h f\u00fcr Mitglieder + Interessierte, inkl. Partnervereine, Parkplatz Schiessplatz Eichmatt Zeihen (Aussichtspunkt im Oberen Fricktal).<\/p>\n\n\n\n<p><strong>Mini-, 1 und 1\/2 Tag &#8211; Workshops<\/strong> (Kleingruppen, praxis- und umsetzungsorientiert)<br>in Planung, nach Bedarf<br>Montag, 17. M\u00e4rz 2025: &#171;Wir nutzen KI\/AI\/AR produktiv: verf\u00fcgbare Tools und Aufgaben&#187; (ausgebucht, Zug)<br>Mittwoch, 19. M\u00e4rz 2025: Miniworkshop &#171;Projektmanagement im Alltag unter erschwerten Bedingungen&#187; (am Richpoint Vereinstag)<\/p>\n\n\n\n<p><strong>Stellungnahmen, Teilnahme an Vernehmlassungen und Umfragen, An- und Nachfragen<\/strong><br>ganzes Jahr (ca. 20-30)<\/p>\n\n\n\n<p><strong>Helpdesk, Auskunft, 2.Meinung, Hinweise<\/strong><br>ganzes Jahr<\/p>\n\n\n\n<p><strong>Experten- und Fachkr\u00e4ftepool<\/strong><br>ganzes Jahr<\/p>\n\n\n\n<p><strong>Spezielle Weiterbildung<\/strong><br>Mittwoch, (Datum in Planung) &#171;Innovation-Lunch-Moderator werden: Train-the-Trainer&#187;&nbsp; Praxisworkshop\/Weiterbildung; Teil 1: Dauer 4h, Anmeldung erforderlich. Datum Teil 2 nach Absprache der Teilnehmenden.<br>Dienstag, 28. Oktober 2025<br>Train-the-trainer-Workshop: &#171;Erfolgreich InnovationLunch&#8217;s durchf\u00fchren&#187;, Teil 1, Locarno, Tessin.<\/p>\n\n\n\n<p><strong>Hochrhein &#8211; Schifffahrt &#8211; Ausflug<\/strong><br>Zum 3. Mal Erlebnis Rundfahrt Laufenburg, Datum noch offen.<br>Stand 20. April 2025, updated 14. Oktober 2025: Veranstalter hat noch kein Jahresfahrtplan f\u00fcr 2025. Es liegen keine Informationen vor, ob der Personenschifffahrtsbetrieb noch stattfindet.<\/p>\n\n\n\n<p><strong>Traditionelles, offenes Treffen zur Weihnachtszeit<\/strong><br>am Wienachtsguezlim\u00e4rt in B\u00f6zen, S\u00f6hrenhof; Tisch mit &#171;GOF Tischkarte&#187; markiert. Gem\u00fctlicher Austausch und kennenlernen. F\u00fcr alle Mitglieder GOF und der Partnervereine &#8211; aber auch Nichtmitglieder, Interessenten und Sympathiesanten zum austauschen und kennenlernen. Auch spontane Teilnahme.<br>Samstag, 13. Dezember, 1500h &#8211; 1600h (maximal 1500h)<\/p>\n\n\n\n<p><strong>Jahresend &#8211; Ap\u00e9ro<\/strong><br>Dienstag, 30. Dezember 2025; 16-17h mit Betriebsbesichtigung (Ort noch offen)<\/p>\n\n\n\n<h2 class=\"wp-block-heading\"><br><strong>Ausblick 2026<\/strong><\/h2>\n\n\n\n<p><br><strong>Im Januar 2026<\/strong>:<br>Samstag, 10. Januar 2026; After Work Treff: <strong>Das 7. Outdoor-R\u00f6mer-Neujahr-Fondue<\/strong> f\u00fcr Vereins- und Partnervereinsmitglieder sowie interessierte Personen aus nah und fern.<br>15 -18h, m\u00f6glichst im Oberen Fricktal, Ort noch offen. Aufwandsbeteiligung 60.- Fr. (Aktive Vereinsmitglieder: 30.- Fr.) Anmeldung m\u00f6glichst fr\u00fchzeitig erforderlich.<\/p>\n\n\n\n<p><strong>Anfangs Februar 2026<\/strong>:<br>Mittwoch, 4. Februar 2026 <strong>Mitgliederversammlung<\/strong>; anschliessend <strong>Fachvortrag\/Veranstaltung<\/strong> zu aktuellem Thema mit Diskussion. 15 &#8211; 17h, Ort noch offen. (vorgesehen: Wiler Trotte Besichtigung mit Degustation)<\/p>\n\n\n\n<p><\/p>\n","protected":false},"excerpt":{"rendered":"<p>Jahresprogramm und Aktivit\u00e4ten im 2025 Stand 31. Dezember 2025 Freitag, 10. Januar 2025:After Work Treff: Das 6. Outdoor-R\u00f6mer-Neujahr-Fondue 18.00 Uhr; bei Waldhaus im Oberen Fricktal. F\u00fcr Vereins- und Partnervereinsmitglieder sowie interessierte Personen aus nah und fern. Aufwandsbeteiligung 60.- Fr. (Aktive&hellip; <\/p>\n","protected":false},"author":6,"featured_media":0,"comment_status":"closed","ping_status":"open","sticky":false,"template":"","format":"standard","meta":{"ngg_post_thumbnail":0,"footnotes":""},"categories":[23,20],"tags":[53,32],"class_list":["post-1862","post","type-post","status-publish","format-standard","hentry","category-aktuell","category-anlaesse","tag-aktivitaeten","tag-jahresprogramm"],"yoast_head":"<!-- This site is optimized with the Yoast SEO plugin v27.5 - https:\/\/yoast.com\/product\/yoast-seo-wordpress\/ -->\n<title>Jahresprogramm 2025 - Gewerbeverein Oberes Fricktal<\/title>\n<meta name=\"robots\" content=\"index, follow, max-snippet:-1, max-image-preview:large, max-video-preview:-1\" \/>\n<link rel=\"canonical\" href=\"https:\/\/gewerbeoberesfricktal.ch\/index.php\/2025\/01\/20\/jahresprogramm-2025\/\" \/>\n<meta property=\"og:locale\" content=\"de_DE\" \/>\n<meta property=\"og:type\" content=\"article\" \/>\n<meta property=\"og:title\" content=\"Jahresprogramm 2025 - Gewerbeverein Oberes Fricktal\" \/>\n<meta property=\"og:description\" content=\"Jahresprogramm und Aktivit\u00e4ten im 2025 Stand 31. Dezember 2025 Freitag, 10. Januar 2025:After Work Treff: Das 6. Outdoor-R\u00f6mer-Neujahr-Fondue 18.00 Uhr; bei Waldhaus im Oberen Fricktal. F\u00fcr Vereins- und Partnervereinsmitglieder sowie interessierte Personen aus nah und fern. Aufwandsbeteiligung 60.- Fr. (Aktive&hellip;\" \/>\n<meta property=\"og:url\" content=\"https:\/\/gewerbeoberesfricktal.ch\/index.php\/2025\/01\/20\/jahresprogramm-2025\/\" \/>\n<meta property=\"og:site_name\" content=\"Gewerbeverein Oberes Fricktal\" \/>\n<meta property=\"article:publisher\" content=\"https:\/\/facebook.com\/gewerbe-oberes-fricktal\" \/>\n<meta property=\"article:published_time\" content=\"2025-01-20T14:19:00+00:00\" \/>\n<meta property=\"article:modified_time\" content=\"2026-01-21T21:57:13+00:00\" \/>\n<meta name=\"author\" content=\"Der Betreuer\" \/>\n<meta name=\"twitter:card\" content=\"summary_large_image\" \/>\n<meta name=\"twitter:label1\" content=\"Geschrieben von\" \/>\n\t<meta name=\"twitter:data1\" content=\"Der Betreuer\" \/>\n\t<meta name=\"twitter:label2\" content=\"Gesch\u00e4tzte Lesezeit\" \/>\n\t<meta name=\"twitter:data2\" content=\"4\u00a0Minuten\" \/>\n<script type=\"application\/ld+json\" class=\"yoast-schema-graph\">{\"@context\":\"https:\\\/\\\/schema.org\",\"@graph\":[{\"@type\":\"Article\",\"@id\":\"https:\\\/\\\/gewerbeoberesfricktal.ch\\\/index.php\\\/2025\\\/01\\\/20\\\/jahresprogramm-2025\\\/#article\",\"isPartOf\":{\"@id\":\"https:\\\/\\\/gewerbeoberesfricktal.ch\\\/index.php\\\/2025\\\/01\\\/20\\\/jahresprogramm-2025\\\/\"},\"author\":{\"name\":\"Der Betreuer\",\"@id\":\"https:\\\/\\\/gewerbeoberesfricktal.ch\\\/#\\\/schema\\\/person\\\/613bea67b58e80370a29f039dfef4e13\"},\"headline\":\"Jahresprogramm 2025\",\"datePublished\":\"2025-01-20T14:19:00+00:00\",\"dateModified\":\"2026-01-21T21:57:13+00:00\",\"mainEntityOfPage\":{\"@id\":\"https:\\\/\\\/gewerbeoberesfricktal.ch\\\/index.php\\\/2025\\\/01\\\/20\\\/jahresprogramm-2025\\\/\"},\"wordCount\":707,\"publisher\":{\"@id\":\"https:\\\/\\\/gewerbeoberesfricktal.ch\\\/#organization\"},\"keywords\":[\"Aktivit\u00e4ten\",\"Jahresprogramm\"],\"articleSection\":[\"Aktuell\",\"Anl\u00e4sse\"],\"inLanguage\":\"de-CH\"},{\"@type\":\"WebPage\",\"@id\":\"https:\\\/\\\/gewerbeoberesfricktal.ch\\\/index.php\\\/2025\\\/01\\\/20\\\/jahresprogramm-2025\\\/\",\"url\":\"https:\\\/\\\/gewerbeoberesfricktal.ch\\\/index.php\\\/2025\\\/01\\\/20\\\/jahresprogramm-2025\\\/\",\"name\":\"Jahresprogramm 2025 - Gewerbeverein Oberes Fricktal\",\"isPartOf\":{\"@id\":\"https:\\\/\\\/gewerbeoberesfricktal.ch\\\/#website\"},\"datePublished\":\"2025-01-20T14:19:00+00:00\",\"dateModified\":\"2026-01-21T21:57:13+00:00\",\"breadcrumb\":{\"@id\":\"https:\\\/\\\/gewerbeoberesfricktal.ch\\\/index.php\\\/2025\\\/01\\\/20\\\/jahresprogramm-2025\\\/#breadcrumb\"},\"inLanguage\":\"de-CH\",\"potentialAction\":[{\"@type\":\"ReadAction\",\"target\":[\"https:\\\/\\\/gewerbeoberesfricktal.ch\\\/index.php\\\/2025\\\/01\\\/20\\\/jahresprogramm-2025\\\/\"]}]},{\"@type\":\"BreadcrumbList\",\"@id\":\"https:\\\/\\\/gewerbeoberesfricktal.ch\\\/index.php\\\/2025\\\/01\\\/20\\\/jahresprogramm-2025\\\/#breadcrumb\",\"itemListElement\":[{\"@type\":\"ListItem\",\"position\":1,\"name\":\"Startseite\",\"item\":\"https:\\\/\\\/gewerbeoberesfricktal.ch\\\/\"},{\"@type\":\"ListItem\",\"position\":2,\"name\":\"Jahresprogramm 2025\"}]},{\"@type\":\"WebSite\",\"@id\":\"https:\\\/\\\/gewerbeoberesfricktal.ch\\\/#website\",\"url\":\"https:\\\/\\\/gewerbeoberesfricktal.ch\\\/\",\"name\":\"Gewerbeverein Oberes Fricktal\",\"description\":\"Ein starkes Gewerbe braucht die Region.\",\"publisher\":{\"@id\":\"https:\\\/\\\/gewerbeoberesfricktal.ch\\\/#organization\"},\"potentialAction\":[{\"@type\":\"SearchAction\",\"target\":{\"@type\":\"EntryPoint\",\"urlTemplate\":\"https:\\\/\\\/gewerbeoberesfricktal.ch\\\/?s={search_term_string}\"},\"query-input\":{\"@type\":\"PropertyValueSpecification\",\"valueRequired\":true,\"valueName\":\"search_term_string\"}}],\"inLanguage\":\"de-CH\"},{\"@type\":\"Organization\",\"@id\":\"https:\\\/\\\/gewerbeoberesfricktal.ch\\\/#organization\",\"name\":\"Gewerbeverein Oberes Fricktal\",\"url\":\"https:\\\/\\\/gewerbeoberesfricktal.ch\\\/\",\"logo\":{\"@type\":\"ImageObject\",\"inLanguage\":\"de-CH\",\"@id\":\"https:\\\/\\\/gewerbeoberesfricktal.ch\\\/#\\\/schema\\\/logo\\\/image\\\/\",\"url\":\"https:\\\/\\\/gewerbeoberesfricktal.ch\\\/wp-content\\\/uploads\\\/2018\\\/04\\\/GOF_Wortmarke-DEF_positiv-gruen-anthrazit_ausschnitt.jpg\",\"contentUrl\":\"https:\\\/\\\/gewerbeoberesfricktal.ch\\\/wp-content\\\/uploads\\\/2018\\\/04\\\/GOF_Wortmarke-DEF_positiv-gruen-anthrazit_ausschnitt.jpg\",\"width\":1214,\"height\":498,\"caption\":\"Gewerbeverein Oberes Fricktal\"},\"image\":{\"@id\":\"https:\\\/\\\/gewerbeoberesfricktal.ch\\\/#\\\/schema\\\/logo\\\/image\\\/\"},\"sameAs\":[\"https:\\\/\\\/facebook.com\\\/gewerbe-oberes-fricktal\"]},{\"@type\":\"Person\",\"@id\":\"https:\\\/\\\/gewerbeoberesfricktal.ch\\\/#\\\/schema\\\/person\\\/613bea67b58e80370a29f039dfef4e13\",\"name\":\"Der Betreuer\",\"image\":{\"@type\":\"ImageObject\",\"inLanguage\":\"de-CH\",\"@id\":\"https:\\\/\\\/secure.gravatar.com\\\/avatar\\\/3b75c904eccd339d456be774dc308895f8c5f1400b263f32f8a39b677eae0f70?s=96&d=mm&r=g\",\"url\":\"https:\\\/\\\/secure.gravatar.com\\\/avatar\\\/3b75c904eccd339d456be774dc308895f8c5f1400b263f32f8a39b677eae0f70?s=96&d=mm&r=g\",\"contentUrl\":\"https:\\\/\\\/secure.gravatar.com\\\/avatar\\\/3b75c904eccd339d456be774dc308895f8c5f1400b263f32f8a39b677eae0f70?s=96&d=mm&r=g\",\"caption\":\"Der Betreuer\"},\"url\":\"https:\\\/\\\/gewerbeoberesfricktal.ch\\\/index.php\\\/author\\\/homepagebetreuer\\\/\"}]}<\/script>\n<!-- \/ Yoast SEO plugin. -->","yoast_head_json":{"title":"Jahresprogramm 2025 - Gewerbeverein Oberes Fricktal","robots":{"index":"index","follow":"follow","max-snippet":"max-snippet:-1","max-image-preview":"max-image-preview:large","max-video-preview":"max-video-preview:-1"},"canonical":"https:\/\/gewerbeoberesfricktal.ch\/index.php\/2025\/01\/20\/jahresprogramm-2025\/","og_locale":"de_DE","og_type":"article","og_title":"Jahresprogramm 2025 - Gewerbeverein Oberes Fricktal","og_description":"Jahresprogramm und Aktivit\u00e4ten im 2025 Stand 31. Dezember 2025 Freitag, 10. Januar 2025:After Work Treff: Das 6. Outdoor-R\u00f6mer-Neujahr-Fondue 18.00 Uhr; bei Waldhaus im Oberen Fricktal. F\u00fcr Vereins- und Partnervereinsmitglieder sowie interessierte Personen aus nah und fern. Aufwandsbeteiligung 60.- Fr. (Aktive&hellip;","og_url":"https:\/\/gewerbeoberesfricktal.ch\/index.php\/2025\/01\/20\/jahresprogramm-2025\/","og_site_name":"Gewerbeverein Oberes Fricktal","article_publisher":"https:\/\/facebook.com\/gewerbe-oberes-fricktal","article_published_time":"2025-01-20T14:19:00+00:00","article_modified_time":"2026-01-21T21:57:13+00:00","author":"Der Betreuer","twitter_card":"summary_large_image","twitter_misc":{"Geschrieben von":"Der Betreuer","Gesch\u00e4tzte Lesezeit":"4\u00a0Minuten"},"schema":{"@context":"https:\/\/schema.org","@graph":[{"@type":"Article","@id":"https:\/\/gewerbeoberesfricktal.ch\/index.php\/2025\/01\/20\/jahresprogramm-2025\/#article","isPartOf":{"@id":"https:\/\/gewerbeoberesfricktal.ch\/index.php\/2025\/01\/20\/jahresprogramm-2025\/"},"author":{"name":"Der Betreuer","@id":"https:\/\/gewerbeoberesfricktal.ch\/#\/schema\/person\/613bea67b58e80370a29f039dfef4e13"},"headline":"Jahresprogramm 2025","datePublished":"2025-01-20T14:19:00+00:00","dateModified":"2026-01-21T21:57:13+00:00","mainEntityOfPage":{"@id":"https:\/\/gewerbeoberesfricktal.ch\/index.php\/2025\/01\/20\/jahresprogramm-2025\/"},"wordCount":707,"publisher":{"@id":"https:\/\/gewerbeoberesfricktal.ch\/#organization"},"keywords":["Aktivit\u00e4ten","Jahresprogramm"],"articleSection":["Aktuell","Anl\u00e4sse"],"inLanguage":"de-CH"},{"@type":"WebPage","@id":"https:\/\/gewerbeoberesfricktal.ch\/index.php\/2025\/01\/20\/jahresprogramm-2025\/","url":"https:\/\/gewerbeoberesfricktal.ch\/index.php\/2025\/01\/20\/jahresprogramm-2025\/","name":"Jahresprogramm 2025 - Gewerbeverein Oberes Fricktal","isPartOf":{"@id":"https:\/\/gewerbeoberesfricktal.ch\/#website"},"datePublished":"2025-01-20T14:19:00+00:00","dateModified":"2026-01-21T21:57:13+00:00","breadcrumb":{"@id":"https:\/\/gewerbeoberesfricktal.ch\/index.php\/2025\/01\/20\/jahresprogramm-2025\/#breadcrumb"},"inLanguage":"de-CH","potentialAction":[{"@type":"ReadAction","target":["https:\/\/gewerbeoberesfricktal.ch\/index.php\/2025\/01\/20\/jahresprogramm-2025\/"]}]},{"@type":"BreadcrumbList","@id":"https:\/\/gewerbeoberesfricktal.ch\/index.php\/2025\/01\/20\/jahresprogramm-2025\/#breadcrumb","itemListElement":[{"@type":"ListItem","position":1,"name":"Startseite","item":"https:\/\/gewerbeoberesfricktal.ch\/"},{"@type":"ListItem","position":2,"name":"Jahresprogramm 2025"}]},{"@type":"WebSite","@id":"https:\/\/gewerbeoberesfricktal.ch\/#website","url":"https:\/\/gewerbeoberesfricktal.ch\/","name":"Gewerbeverein Oberes Fricktal","description":"Ein starkes Gewerbe braucht die Region.","publisher":{"@id":"https:\/\/gewerbeoberesfricktal.ch\/#organization"},"potentialAction":[{"@type":"SearchAction","target":{"@type":"EntryPoint","urlTemplate":"https:\/\/gewerbeoberesfricktal.ch\/?s={search_term_string}"},"query-input":{"@type":"PropertyValueSpecification","valueRequired":true,"valueName":"search_term_string"}}],"inLanguage":"de-CH"},{"@type":"Organization","@id":"https:\/\/gewerbeoberesfricktal.ch\/#organization","name":"Gewerbeverein Oberes Fricktal","url":"https:\/\/gewerbeoberesfricktal.ch\/","logo":{"@type":"ImageObject","inLanguage":"de-CH","@id":"https:\/\/gewerbeoberesfricktal.ch\/#\/schema\/logo\/image\/","url":"https:\/\/gewerbeoberesfricktal.ch\/wp-content\/uploads\/2018\/04\/GOF_Wortmarke-DEF_positiv-gruen-anthrazit_ausschnitt.jpg","contentUrl":"https:\/\/gewerbeoberesfricktal.ch\/wp-content\/uploads\/2018\/04\/GOF_Wortmarke-DEF_positiv-gruen-anthrazit_ausschnitt.jpg","width":1214,"height":498,"caption":"Gewerbeverein Oberes Fricktal"},"image":{"@id":"https:\/\/gewerbeoberesfricktal.ch\/#\/schema\/logo\/image\/"},"sameAs":["https:\/\/facebook.com\/gewerbe-oberes-fricktal"]},{"@type":"Person","@id":"https:\/\/gewerbeoberesfricktal.ch\/#\/schema\/person\/613bea67b58e80370a29f039dfef4e13","name":"Der Betreuer","image":{"@type":"ImageObject","inLanguage":"de-CH","@id":"https:\/\/secure.gravatar.com\/avatar\/3b75c904eccd339d456be774dc308895f8c5f1400b263f32f8a39b677eae0f70?s=96&d=mm&r=g","url":"https:\/\/secure.gravatar.com\/avatar\/3b75c904eccd339d456be774dc308895f8c5f1400b263f32f8a39b677eae0f70?s=96&d=mm&r=g","contentUrl":"https:\/\/secure.gravatar.com\/avatar\/3b75c904eccd339d456be774dc308895f8c5f1400b263f32f8a39b677eae0f70?s=96&d=mm&r=g","caption":"Der Betreuer"},"url":"https:\/\/gewerbeoberesfricktal.ch\/index.php\/author\/homepagebetreuer\/"}]}},"_links":{"self":[{"href":"https:\/\/gewerbeoberesfricktal.ch\/index.php\/wp-json\/wp\/v2\/posts\/1862","targetHints":{"allow":["GET"]}}],"collection":[{"href":"https:\/\/gewerbeoberesfricktal.ch\/index.php\/wp-json\/wp\/v2\/posts"}],"about":[{"href":"https:\/\/gewerbeoberesfricktal.ch\/index.php\/wp-json\/wp\/v2\/types\/post"}],"author":[{"embeddable":true,"href":"https:\/\/gewerbeoberesfricktal.ch\/index.php\/wp-json\/wp\/v2\/users\/6"}],"replies":[{"embeddable":true,"href":"https:\/\/gewerbeoberesfricktal.ch\/index.php\/wp-json\/wp\/v2\/comments?post=1862"}],"version-history":[{"count":20,"href":"https:\/\/gewerbeoberesfricktal.ch\/index.php\/wp-json\/wp\/v2\/posts\/1862\/revisions"}],"predecessor-version":[{"id":1998,"href":"https:\/\/gewerbeoberesfricktal.ch\/index.php\/wp-json\/wp\/v2\/posts\/1862\/revisions\/1998"}],"wp:attachment":[{"href":"https:\/\/gewerbeoberesfricktal.ch\/index.php\/wp-json\/wp\/v2\/media?parent=1862"}],"wp:term":[{"taxonomy":"category","embeddable":true,"href":"https:\/\/gewerbeoberesfricktal.ch\/index.php\/wp-json\/wp\/v2\/categories?post=1862"},{"taxonomy":"post_tag","embeddable":true,"href":"https:\/\/gewerbeoberesfricktal.ch\/index.php\/wp-json\/wp\/v2\/tags?post=1862"}],"curies":[{"name":"wp","href":"https:\/\/api.w.org\/{rel}","templated":true}]}}