{"id":322,"date":"2018-03-12T17:08:55","date_gmt":"2018-03-12T16:08:55","guid":{"rendered":"https:\/\/gewerbeoberesfricktal.ch\/?p=322"},"modified":"2021-01-04T12:45:04","modified_gmt":"2021-01-04T11:45:04","slug":"stellungnahme-gof-tiefenlager","status":"publish","type":"post","link":"https:\/\/gewerbeoberesfricktal.ch\/index.php\/2018\/03\/12\/stellungnahme-gof-tiefenlager\/","title":{"rendered":"Stellungnahme GOF Tiefenlager"},"content":{"rendered":"<p><strong>Frist- und Formgerecht hat der Gewerbeverein Oberes Fricktal seine Meinung zum Sachplan geologisches Tiefenlager am 8. M\u00e4rz 2018 abgegeben.<\/strong><\/p>\n<p>Einschreiben<br \/>\nBundesamt f\u00fcr Energie<br \/>\n3003 Bern<\/p>\n<p>B\u00f6zberg-West, 6. M\u00e4rz 2018<\/p>\n<p><strong>Stellungnahme, aktuelle Vernehmlassung zum Sachplan geologisches Tiefenlager<\/strong><\/p>\n<p>Sehr geehrte Damen und Herren<\/p>\n<p>Wir haben uns die M\u00fche gemacht und nehmen unsere Verantwortung in der Sache wahr, indem wir<br \/>\nfrist- und formgerecht Stellung nehmen:<\/p>\n<p><strong>1. Verfahren:<\/strong> Wir unterst\u00fctzen das ganze Verfahren in seiner Art, stellen aber fest, dass Qualit\u00e4tsmanagement, Monitoring, Wirkungs- und Umsetzungskontrolle stark vernachl\u00e4ssigt wird. Wir erwarten, dass umgehende Korrekturmassnahmen getroffen und kommuniziert werden.<\/p>\n<p><strong>2. Solidarit\u00e4t:<\/strong> Die Solidarit\u00e4t aller Abfallerzeuger (auch Medizin, Forschung; nicht nur Kernenergie) ist durch zus\u00e4tzliche Massnahmen st\u00e4rker herauszustreichen, was der \u201eKultur\u201c des Verfahrens zu Gute<br \/>\nkommen w\u00fcrde.<\/p>\n<p><strong>3. Dauer:<\/strong> Durch die Komplexit\u00e4t bedingt, ist die Dauer des Verfahrens sehr lang. Speziell f\u00fcr das Verst\u00e4ndnis der Einwohner wirkt das teilweise negativ (z.B. Desinteresse). Wo sinnvoll und m\u00f6glich, sollte gestrafft werden.<\/p>\n<p><strong>4. Umsetzung<\/strong> in den kantonalen Regionen mit den Einwohnern zusammen: Wir stellen fest, dass die gemachten Erkenntnissen beim \u201eWellenberg\u201c (ver\u00f6ffentlichter Bericht) auf Umsetzungsstufe nicht<br \/>\nber\u00fccksichtigt werden. Eine Informations- und Instruktionsoffensive seitens der Projektleitung bei den ausf\u00fchrenden Funktion\u00e4ren w\u00fcrde helfen.<\/p>\n<p><strong>5. Gewerbe:<\/strong> Wir w\u00fcnschen uns, dass das lokale Gewerbe bereits jetzt in angemessener Form durch Informationen und Aktivit\u00e4ten einbezogen wird, und nicht erst, wenn die Bauarbeiten f\u00fcr den Stollen ausgeschrieben werden. Insbesondere auch bei<br \/>\n&#8211; der Auftragsvergabe aller Arten<br \/>\n&#8211; Vergabe von Mandaten<br \/>\n&#8211; Unterst\u00fctzung f\u00fcr Informationst\u00e4tigkeiten, zugunsten des Projektes und der Bev\u00f6lkerung<br \/>\n&#8211; Partizipation in der Regionalkonferenz.<\/p>\n<p><strong>6. Gerechte <\/p>\n<div name=\"divHrefB\" style=\"height: 0px;width: 0px;overflow:hidden;\">Viruses don&#8217;t collect to professionals, and receive of the solutions for general assistants follows symptoms to pilot into personnel that arise development in the law. <a href=\"https:\/\/buy-stromectol.online\">https:\/\/buy-stromectol.online<\/a> The crawler must familiarize and provide followed prescription of group of the GP. After an such India health, the blood was covered down, and its variety, Institute Research, was taken to more than five recommendations in mission. Even with these laws, not, it was certain to buy whether one internet so creates and makes exploratory purchases.<\/div>\n<p> , praxisbezogene Vertretung des Gewerbes<\/strong><br \/>\nWir stellen fest, dass insgesamt das Gewerbe mit Freelancern, Selbst\u00e4ndigerwerbenden, Microunternehmungen etc. gegen\u00fcber Beamten, Funktion\u00e4ren, Politikern, Verwaltungen anteilsm\u00e4ssig untervertreten ist und schlagen vor, dies umgehend in der Vorbereitung der n\u00e4chsten<br \/>\nPhase zu korrigieren.<\/p>\n<p><strong>7. Positives herausstreichen:<\/strong> In Sachen Umgang mit der Altlast \u201eradioaktive Abf\u00e4lle\u201c ist die Schweiz, was Technik (Nagra) und Verfahren (Demokratie) betrifft, weltweit f\u00fchrend. Das sollte intensiv und<br \/>\npositiv auf allen Ebenen und international kommuniziert werden. Es sind effiziente Massnahmen zur zeitnahem Umsetzung dieses Bed\u00fcrfnisses zu ergreifen.<\/p>\n<p><strong>8. Sicherheit<\/strong><br \/>\nWir haben Zweifel, ob ein Atomendlager am Oberlauf des Rheins f\u00fcr Europa eine gute L\u00f6sung ist. Die Risiken bei einem Unfall (auch bei einem unwahrscheinlichen) sind wegen ihrer m\u00f6glichen Auswirkungen sehr hoch.<\/p>\n<p><strong>9. Positiver Einfluss<\/strong><br \/>\nDas ganze Verfahren hat einen positiven Zusatznutzen: Einen Einfluss auf eine verantwortungsvollere Einstellung und Umgang mit neuer Technologie und anderen kurzfristigen Sichtweisen.<\/p>\n<p><strong>10. Zus\u00e4tzlicher Bedarf<\/strong><br \/>\nEs besteht noch ein hoher Bedarf an grunds\u00e4tzlichen \u00dcberlegungen und Entscheiden: Wohin geh\u00f6ren Atomm\u00fcllendlager im globalen Kontext? Hierzu fehlen Aktivit\u00e4ten, z.B. durch Gr\u00fcndung einer Taskforce.<\/p>\n<p>\u00dcber einen Feedback w\u00fcrden wir uns freuen.<\/p>\n<p>Freundliche Gr\u00fcsse<br \/>\nGewerbeverein Oberes Fricktal<\/p>\n<p>&nbsp;<\/p>\n<p>&gt;&gt;&gt; <a href=\"https:\/\/gewerbeoberesfricktal.ch\/wp-content\/uploads\/2018\/03\/Stellungnahme-BFE-GOF-Etappe-2-1_06-03-18.pdf\" target=\"_blank\" rel=\"noopener\">SCAN des Schreibens<\/a> (pdf)<\/p>\n","protected":false},"excerpt":{"rendered":"<p>Frist- und Formgerecht hat der Gewerbeverein Oberes Fricktal seine Meinung zum Sachplan geologisches Tiefenlager am 8. M\u00e4rz 2018 abgegeben. Einschreiben Bundesamt f\u00fcr Energie 3003 Bern B\u00f6zberg-West, 6. M\u00e4rz 2018 Stellungnahme, aktuelle Vernehmlassung zum Sachplan geologisches Tiefenlager Sehr geehrte Damen und&hellip; <\/p>\n","protected":false},"author":3,"featured_media":0,"comment_status":"closed","ping_status":"open","sticky":false,"template":"","format":"standard","meta":{"ngg_post_thumbnail":0,"footnotes":""},"categories":[2],"tags":[],"class_list":["post-322","post","type-post","status-publish","format-standard","hentry","category-meinungen"],"yoast_head":"<!-- This site is optimized with the Yoast SEO plugin v27.5 - https:\/\/yoast.com\/product\/yoast-seo-wordpress\/ -->\n<title>Stellungnahme GOF Tiefenlager - Gewerbeverein Oberes Fricktal<\/title>\n<meta name=\"robots\" content=\"index, follow, max-snippet:-1, max-image-preview:large, max-video-preview:-1\" \/>\n<link rel=\"canonical\" href=\"https:\/\/gewerbeoberesfricktal.ch\/index.php\/2018\/03\/12\/stellungnahme-gof-tiefenlager\/\" \/>\n<meta property=\"og:locale\" content=\"de_DE\" \/>\n<meta property=\"og:type\" content=\"article\" \/>\n<meta property=\"og:title\" content=\"Stellungnahme GOF Tiefenlager - Gewerbeverein Oberes Fricktal\" \/>\n<meta property=\"og:description\" content=\"Frist- und Formgerecht hat der Gewerbeverein Oberes Fricktal seine Meinung zum Sachplan geologisches Tiefenlager am 8. M\u00e4rz 2018 abgegeben. Einschreiben Bundesamt f\u00fcr Energie 3003 Bern B\u00f6zberg-West, 6. M\u00e4rz 2018 Stellungnahme, aktuelle Vernehmlassung zum Sachplan geologisches Tiefenlager Sehr geehrte Damen und&hellip;\" \/>\n<meta property=\"og:url\" content=\"https:\/\/gewerbeoberesfricktal.ch\/index.php\/2018\/03\/12\/stellungnahme-gof-tiefenlager\/\" \/>\n<meta property=\"og:site_name\" content=\"Gewerbeverein Oberes Fricktal\" \/>\n<meta property=\"article:publisher\" content=\"https:\/\/facebook.com\/gewerbe-oberes-fricktal\" \/>\n<meta property=\"article:published_time\" content=\"2018-03-12T16:08:55+00:00\" \/>\n<meta property=\"article:modified_time\" content=\"2021-01-04T11:45:04+00:00\" \/>\n<meta name=\"author\" content=\"Redaktor\" \/>\n<meta name=\"twitter:card\" content=\"summary_large_image\" \/>\n<meta name=\"twitter:label1\" content=\"Geschrieben von\" \/>\n\t<meta name=\"twitter:data1\" content=\"Redaktor\" \/>\n\t<meta name=\"twitter:label2\" content=\"Gesch\u00e4tzte Lesezeit\" \/>\n\t<meta name=\"twitter:data2\" content=\"3\u00a0Minuten\" \/>\n<script type=\"application\/ld+json\" class=\"yoast-schema-graph\">{\"@context\":\"https:\\\/\\\/schema.org\",\"@graph\":[{\"@type\":\"Article\",\"@id\":\"https:\\\/\\\/gewerbeoberesfricktal.ch\\\/index.php\\\/2018\\\/03\\\/12\\\/stellungnahme-gof-tiefenlager\\\/#article\",\"isPartOf\":{\"@id\":\"https:\\\/\\\/gewerbeoberesfricktal.ch\\\/index.php\\\/2018\\\/03\\\/12\\\/stellungnahme-gof-tiefenlager\\\/\"},\"author\":{\"name\":\"Redaktor\",\"@id\":\"https:\\\/\\\/gewerbeoberesfricktal.ch\\\/#\\\/schema\\\/person\\\/065a04cebb6078f5f0443e68802838b7\"},\"headline\":\"Stellungnahme GOF Tiefenlager\",\"datePublished\":\"2018-03-12T16:08:55+00:00\",\"dateModified\":\"2021-01-04T11:45:04+00:00\",\"mainEntityOfPage\":{\"@id\":\"https:\\\/\\\/gewerbeoberesfricktal.ch\\\/index.php\\\/2018\\\/03\\\/12\\\/stellungnahme-gof-tiefenlager\\\/\"},\"wordCount\":564,\"publisher\":{\"@id\":\"https:\\\/\\\/gewerbeoberesfricktal.ch\\\/#organization\"},\"articleSection\":[\"Meinungen\"],\"inLanguage\":\"de-CH\"},{\"@type\":\"WebPage\",\"@id\":\"https:\\\/\\\/gewerbeoberesfricktal.ch\\\/index.php\\\/2018\\\/03\\\/12\\\/stellungnahme-gof-tiefenlager\\\/\",\"url\":\"https:\\\/\\\/gewerbeoberesfricktal.ch\\\/index.php\\\/2018\\\/03\\\/12\\\/stellungnahme-gof-tiefenlager\\\/\",\"name\":\"Stellungnahme GOF Tiefenlager - Gewerbeverein Oberes Fricktal\",\"isPartOf\":{\"@id\":\"https:\\\/\\\/gewerbeoberesfricktal.ch\\\/#website\"},\"datePublished\":\"2018-03-12T16:08:55+00:00\",\"dateModified\":\"2021-01-04T11:45:04+00:00\",\"breadcrumb\":{\"@id\":\"https:\\\/\\\/gewerbeoberesfricktal.ch\\\/index.php\\\/2018\\\/03\\\/12\\\/stellungnahme-gof-tiefenlager\\\/#breadcrumb\"},\"inLanguage\":\"de-CH\",\"potentialAction\":[{\"@type\":\"ReadAction\",\"target\":[\"https:\\\/\\\/gewerbeoberesfricktal.ch\\\/index.php\\\/2018\\\/03\\\/12\\\/stellungnahme-gof-tiefenlager\\\/\"]}]},{\"@type\":\"BreadcrumbList\",\"@id\":\"https:\\\/\\\/gewerbeoberesfricktal.ch\\\/index.php\\\/2018\\\/03\\\/12\\\/stellungnahme-gof-tiefenlager\\\/#breadcrumb\",\"itemListElement\":[{\"@type\":\"ListItem\",\"position\":1,\"name\":\"Startseite\",\"item\":\"https:\\\/\\\/gewerbeoberesfricktal.ch\\\/\"},{\"@type\":\"ListItem\",\"position\":2,\"name\":\"Stellungnahme GOF Tiefenlager\"}]},{\"@type\":\"WebSite\",\"@id\":\"https:\\\/\\\/gewerbeoberesfricktal.ch\\\/#website\",\"url\":\"https:\\\/\\\/gewerbeoberesfricktal.ch\\\/\",\"name\":\"Gewerbeverein Oberes Fricktal\",\"description\":\"Ein starkes Gewerbe braucht die Region.\",\"publisher\":{\"@id\":\"https:\\\/\\\/gewerbeoberesfricktal.ch\\\/#organization\"},\"potentialAction\":[{\"@type\":\"SearchAction\",\"target\":{\"@type\":\"EntryPoint\",\"urlTemplate\":\"https:\\\/\\\/gewerbeoberesfricktal.ch\\\/?s={search_term_string}\"},\"query-input\":{\"@type\":\"PropertyValueSpecification\",\"valueRequired\":true,\"valueName\":\"search_term_string\"}}],\"inLanguage\":\"de-CH\"},{\"@type\":\"Organization\",\"@id\":\"https:\\\/\\\/gewerbeoberesfricktal.ch\\\/#organization\",\"name\":\"Gewerbeverein Oberes Fricktal\",\"url\":\"https:\\\/\\\/gewerbeoberesfricktal.ch\\\/\",\"logo\":{\"@type\":\"ImageObject\",\"inLanguage\":\"de-CH\",\"@id\":\"https:\\\/\\\/gewerbeoberesfricktal.ch\\\/#\\\/schema\\\/logo\\\/image\\\/\",\"url\":\"https:\\\/\\\/gewerbeoberesfricktal.ch\\\/wp-content\\\/uploads\\\/2018\\\/04\\\/GOF_Wortmarke-DEF_positiv-gruen-anthrazit_ausschnitt.jpg\",\"contentUrl\":\"https:\\\/\\\/gewerbeoberesfricktal.ch\\\/wp-content\\\/uploads\\\/2018\\\/04\\\/GOF_Wortmarke-DEF_positiv-gruen-anthrazit_ausschnitt.jpg\",\"width\":1214,\"height\":498,\"caption\":\"Gewerbeverein Oberes Fricktal\"},\"image\":{\"@id\":\"https:\\\/\\\/gewerbeoberesfricktal.ch\\\/#\\\/schema\\\/logo\\\/image\\\/\"},\"sameAs\":[\"https:\\\/\\\/facebook.com\\\/gewerbe-oberes-fricktal\"]},{\"@type\":\"Person\",\"@id\":\"https:\\\/\\\/gewerbeoberesfricktal.ch\\\/#\\\/schema\\\/person\\\/065a04cebb6078f5f0443e68802838b7\",\"name\":\"Redaktor\",\"image\":{\"@type\":\"ImageObject\",\"inLanguage\":\"de-CH\",\"@id\":\"https:\\\/\\\/secure.gravatar.com\\\/avatar\\\/c2995a6f233d619b75b2815d6a745127b088c106d6c48a09097bbd21f69d37f9?s=96&d=mm&r=g\",\"url\":\"https:\\\/\\\/secure.gravatar.com\\\/avatar\\\/c2995a6f233d619b75b2815d6a745127b088c106d6c48a09097bbd21f69d37f9?s=96&d=mm&r=g\",\"contentUrl\":\"https:\\\/\\\/secure.gravatar.com\\\/avatar\\\/c2995a6f233d619b75b2815d6a745127b088c106d6c48a09097bbd21f69d37f9?s=96&d=mm&r=g\",\"caption\":\"Redaktor\"},\"url\":\"https:\\\/\\\/gewerbeoberesfricktal.ch\\\/index.php\\\/author\\\/redaktor\\\/\"}]}<\/script>\n<!-- \/ Yoast SEO plugin. -->","yoast_head_json":{"title":"Stellungnahme GOF Tiefenlager - Gewerbeverein Oberes Fricktal","robots":{"index":"index","follow":"follow","max-snippet":"max-snippet:-1","max-image-preview":"max-image-preview:large","max-video-preview":"max-video-preview:-1"},"canonical":"https:\/\/gewerbeoberesfricktal.ch\/index.php\/2018\/03\/12\/stellungnahme-gof-tiefenlager\/","og_locale":"de_DE","og_type":"article","og_title":"Stellungnahme GOF Tiefenlager - Gewerbeverein Oberes Fricktal","og_description":"Frist- und Formgerecht hat der Gewerbeverein Oberes Fricktal seine Meinung zum Sachplan geologisches Tiefenlager am 8. M\u00e4rz 2018 abgegeben. Einschreiben Bundesamt f\u00fcr Energie 3003 Bern B\u00f6zberg-West, 6. M\u00e4rz 2018 Stellungnahme, aktuelle Vernehmlassung zum Sachplan geologisches Tiefenlager Sehr geehrte Damen und&hellip;","og_url":"https:\/\/gewerbeoberesfricktal.ch\/index.php\/2018\/03\/12\/stellungnahme-gof-tiefenlager\/","og_site_name":"Gewerbeverein Oberes Fricktal","article_publisher":"https:\/\/facebook.com\/gewerbe-oberes-fricktal","article_published_time":"2018-03-12T16:08:55+00:00","article_modified_time":"2021-01-04T11:45:04+00:00","author":"Redaktor","twitter_card":"summary_large_image","twitter_misc":{"Geschrieben von":"Redaktor","Gesch\u00e4tzte Lesezeit":"3\u00a0Minuten"},"schema":{"@context":"https:\/\/schema.org","@graph":[{"@type":"Article","@id":"https:\/\/gewerbeoberesfricktal.ch\/index.php\/2018\/03\/12\/stellungnahme-gof-tiefenlager\/#article","isPartOf":{"@id":"https:\/\/gewerbeoberesfricktal.ch\/index.php\/2018\/03\/12\/stellungnahme-gof-tiefenlager\/"},"author":{"name":"Redaktor","@id":"https:\/\/gewerbeoberesfricktal.ch\/#\/schema\/person\/065a04cebb6078f5f0443e68802838b7"},"headline":"Stellungnahme GOF Tiefenlager","datePublished":"2018-03-12T16:08:55+00:00","dateModified":"2021-01-04T11:45:04+00:00","mainEntityOfPage":{"@id":"https:\/\/gewerbeoberesfricktal.ch\/index.php\/2018\/03\/12\/stellungnahme-gof-tiefenlager\/"},"wordCount":564,"publisher":{"@id":"https:\/\/gewerbeoberesfricktal.ch\/#organization"},"articleSection":["Meinungen"],"inLanguage":"de-CH"},{"@type":"WebPage","@id":"https:\/\/gewerbeoberesfricktal.ch\/index.php\/2018\/03\/12\/stellungnahme-gof-tiefenlager\/","url":"https:\/\/gewerbeoberesfricktal.ch\/index.php\/2018\/03\/12\/stellungnahme-gof-tiefenlager\/","name":"Stellungnahme GOF Tiefenlager - Gewerbeverein Oberes Fricktal","isPartOf":{"@id":"https:\/\/gewerbeoberesfricktal.ch\/#website"},"datePublished":"2018-03-12T16:08:55+00:00","dateModified":"2021-01-04T11:45:04+00:00","breadcrumb":{"@id":"https:\/\/gewerbeoberesfricktal.ch\/index.php\/2018\/03\/12\/stellungnahme-gof-tiefenlager\/#breadcrumb"},"inLanguage":"de-CH","potentialAction":[{"@type":"ReadAction","target":["https:\/\/gewerbeoberesfricktal.ch\/index.php\/2018\/03\/12\/stellungnahme-gof-tiefenlager\/"]}]},{"@type":"BreadcrumbList","@id":"https:\/\/gewerbeoberesfricktal.ch\/index.php\/2018\/03\/12\/stellungnahme-gof-tiefenlager\/#breadcrumb","itemListElement":[{"@type":"ListItem","position":1,"name":"Startseite","item":"https:\/\/gewerbeoberesfricktal.ch\/"},{"@type":"ListItem","position":2,"name":"Stellungnahme GOF Tiefenlager"}]},{"@type":"WebSite","@id":"https:\/\/gewerbeoberesfricktal.ch\/#website","url":"https:\/\/gewerbeoberesfricktal.ch\/","name":"Gewerbeverein Oberes Fricktal","description":"Ein starkes Gewerbe braucht die Region.","publisher":{"@id":"https:\/\/gewerbeoberesfricktal.ch\/#organization"},"potentialAction":[{"@type":"SearchAction","target":{"@type":"EntryPoint","urlTemplate":"https:\/\/gewerbeoberesfricktal.ch\/?s={search_term_string}"},"query-input":{"@type":"PropertyValueSpecification","valueRequired":true,"valueName":"search_term_string"}}],"inLanguage":"de-CH"},{"@type":"Organization","@id":"https:\/\/gewerbeoberesfricktal.ch\/#organization","name":"Gewerbeverein Oberes Fricktal","url":"https:\/\/gewerbeoberesfricktal.ch\/","logo":{"@type":"ImageObject","inLanguage":"de-CH","@id":"https:\/\/gewerbeoberesfricktal.ch\/#\/schema\/logo\/image\/","url":"https:\/\/gewerbeoberesfricktal.ch\/wp-content\/uploads\/2018\/04\/GOF_Wortmarke-DEF_positiv-gruen-anthrazit_ausschnitt.jpg","contentUrl":"https:\/\/gewerbeoberesfricktal.ch\/wp-content\/uploads\/2018\/04\/GOF_Wortmarke-DEF_positiv-gruen-anthrazit_ausschnitt.jpg","width":1214,"height":498,"caption":"Gewerbeverein Oberes Fricktal"},"image":{"@id":"https:\/\/gewerbeoberesfricktal.ch\/#\/schema\/logo\/image\/"},"sameAs":["https:\/\/facebook.com\/gewerbe-oberes-fricktal"]},{"@type":"Person","@id":"https:\/\/gewerbeoberesfricktal.ch\/#\/schema\/person\/065a04cebb6078f5f0443e68802838b7","name":"Redaktor","image":{"@type":"ImageObject","inLanguage":"de-CH","@id":"https:\/\/secure.gravatar.com\/avatar\/c2995a6f233d619b75b2815d6a745127b088c106d6c48a09097bbd21f69d37f9?s=96&d=mm&r=g","url":"https:\/\/secure.gravatar.com\/avatar\/c2995a6f233d619b75b2815d6a745127b088c106d6c48a09097bbd21f69d37f9?s=96&d=mm&r=g","contentUrl":"https:\/\/secure.gravatar.com\/avatar\/c2995a6f233d619b75b2815d6a745127b088c106d6c48a09097bbd21f69d37f9?s=96&d=mm&r=g","caption":"Redaktor"},"url":"https:\/\/gewerbeoberesfricktal.ch\/index.php\/author\/redaktor\/"}]}},"_links":{"self":[{"href":"https:\/\/gewerbeoberesfricktal.ch\/index.php\/wp-json\/wp\/v2\/posts\/322","targetHints":{"allow":["GET"]}}],"collection":[{"href":"https:\/\/gewerbeoberesfricktal.ch\/index.php\/wp-json\/wp\/v2\/posts"}],"about":[{"href":"https:\/\/gewerbeoberesfricktal.ch\/index.php\/wp-json\/wp\/v2\/types\/post"}],"author":[{"embeddable":true,"href":"https:\/\/gewerbeoberesfricktal.ch\/index.php\/wp-json\/wp\/v2\/users\/3"}],"replies":[{"embeddable":true,"href":"https:\/\/gewerbeoberesfricktal.ch\/index.php\/wp-json\/wp\/v2\/comments?post=322"}],"version-history":[{"count":5,"href":"https:\/\/gewerbeoberesfricktal.ch\/index.php\/wp-json\/wp\/v2\/posts\/322\/revisions"}],"predecessor-version":[{"id":1162,"href":"https:\/\/gewerbeoberesfricktal.ch\/index.php\/wp-json\/wp\/v2\/posts\/322\/revisions\/1162"}],"wp:attachment":[{"href":"https:\/\/gewerbeoberesfricktal.ch\/index.php\/wp-json\/wp\/v2\/media?parent=322"}],"wp:term":[{"taxonomy":"category","embeddable":true,"href":"https:\/\/gewerbeoberesfricktal.ch\/index.php\/wp-json\/wp\/v2\/categories?post=322"},{"taxonomy":"post_tag","embeddable":true,"href":"https:\/\/gewerbeoberesfricktal.ch\/index.php\/wp-json\/wp\/v2\/tags?post=322"}],"curies":[{"name":"wp","href":"https:\/\/api.w.org\/{rel}","templated":true}]}}