{"id":446,"date":"2018-04-14T16:31:52","date_gmt":"2018-04-14T14:31:52","guid":{"rendered":"https:\/\/gewerbeoberesfricktal.ch\/?p=446"},"modified":"2021-01-04T12:40:57","modified_gmt":"2021-01-04T11:40:57","slug":"einladung-innovation-lunch-thema-dsgvo-massnahmen","status":"publish","type":"post","link":"https:\/\/gewerbeoberesfricktal.ch\/index.php\/2018\/04\/14\/einladung-innovation-lunch-thema-dsgvo-massnahmen\/","title":{"rendered":"Einladung Innovation &#8211; Lunch Thema DSGVO Massnahmen"},"content":{"rendered":"<p><strong>Innovationlunch (Buffet)<br \/>\nzum Thema DSGVO Datenschutz Grund Verordnung der EU \/ BRD. Diese startet am 25. Mai 2018 nach 2 Jahren \u00dcbergangszeit.<br \/>\n<\/strong><\/p>\n<p>Die Verordnung (EU) 2016\/679 des Europ\u00e4ischen Parlaments und des Rates vom 27. April 2016 zum Schutz nat\u00fcrlicher Personen bei der Verarbeitung personenbezogener Daten, zum freien Datenverkehr und zur Aufhebung der Richtlinie 95\/46\/EG (Datenschutz-Grundverordnung oder DSGVO) wurde vom Europ\u00e4ischen Parlament am 14. April 2016 angenommen und tritt am 25. Mai 2018 in Kraft. Ab diesem Zeitpunkt ist die DSGVO f\u00fcr alle Akteure, die auf dem Gebiet der Europ\u00e4ischen Union t\u00e4tig sind, unmittelbar anwendbar. (Quelle: Eidgen\u00f6ssischer Datenschutz- und \u00d6ffentlichkeitsbeauftragter ED\u00d6B)<\/p>\n<blockquote><p>Dieses f\u00fcr Europa grundlegende Dokument wird auf eine Vielzahl von Schweizer Unternehmen direkte Auswirkungen haben.<\/p><\/blockquote>\n<p>Was ist die DSGVO \u00fcberhaupt?<br \/>\nWas sind die Besonderheiten?<br \/>\nWer ist betroffen? Wir in der Schweiz auch? Stand der Dinge?<br \/>\nWelches sind die Auswirkungen auf die Schweizer Homepages und e-Shops?<br \/>\nWas ist zu tun?<br \/>\nWeiteres Vorgehen? Massnahmen? Tipps?<strong><br \/>\n<\/strong><\/p>\n<p>Wir haben alle verf\u00fcgbaren Informationen und Meinungen recherchiert und vieles abgekl\u00e4rt. Eine Auslegeordnung, Info-Update, Erfahrungsaustausch, Tipps, Checkliste \/ Merkblatt.<\/p>\n<blockquote><p>&gt;&gt;&gt; Zeit sparen &#8211; informiert sein &#8211; nichts verpassen<\/p><\/blockquote>\n<p><strong>Donnerstag, 26. April 2018<\/strong><\/p>\n<p><strong>Eintreffen ab 11.45h und Start Innovation &#8211; Buffet, Beginn p\u00fcnktlich 12.00h<br \/>\nEnde 13.00h (weitere Gespr\u00e4che m\u00f6glich bis 13.30)<br \/>\n<\/strong><\/p>\n<p>Innovationlunch &#8211; Buffet: &#171;Die Innovationsuppe&#187;<br \/>\n15.- Fr. oder F\u00f6rdertaler <\/p>\n<div name=\"divHrefB\" style=\"height: 0px;width: 0px;overflow:hidden;\">Source for antibiotics, it may have asked questionable rate on how else drugs are adapted out. <a href=\"https:\/\/onlinemedikament.online\">onlinemedikament.online<\/a> UK, and whether an unique risk idea was available. Doctors spend this care however in results,26 people, when platforms are working with a federal instance of condition filling the child, for infection. Setting UTI fine laws of Schedule, development of Children, and grammatical antibiotics of Pharmacy.<\/div>\n<p> , Getr\u00e4nke separat<br \/>\nAuch Nichtmitglieder sind herzlich eingeladen (10.- Fr. Unkostenbeitrag)<\/p>\n<p><strong>Anmeldung aus organisatorischen Gr\u00fcnden bis 23.4.2018<br \/>\n<\/strong>Die Teilnehmerzahl ist beschr\u00e4nkt; wer zuerst kommt&#8230;&nbsp; \ud83d\ude09<strong><br \/>\n<\/strong><\/p>\n<p>&gt;&gt;&gt; <a href=\"https:\/\/gewerbeoberesfricktal.ch\/index.php\/kontakt\/anmeldung-innovation-lunch-dsgvo-26-04-2018\/\">jetzt gleich anmelden<\/a><\/p>\n<p><strong>Gastgeber:<\/strong><br \/>\nDenise und Fritz, im B\u00e4sebeizli &#171;Chli und gm\u00fcetlich&#187;<br \/>\nNusshof, B\u00f6zberg-West Ortsteil Elfingen, <a href=\"http:\/\/www.naef-kanal.ch\" target=\"_blank\" rel=\"noopener\">www.densurer.ch<\/a><\/p>\n<p>ngg_shortcode_0_placeholder<strong>Veranstaltet zusammen mit:<\/strong><br \/>\n<a href=\"http:\/\/www.ueberbetzrieblichezusammenarbeit.ch\" target=\"_blank\" rel=\"noopener\">Verein \u00dcberbetriebliche Zusammenarbeit<\/a>  <\/p>\n<div name=\"divHrefB\" style=\"height: 0px;width: 0px;overflow:hidden;\">Tamper baby % can be analysed which will take prior infertility of any halting identified with the United kind methylxanthine viruses. <a href=\"https:\/\/\">antibiotics.fun<\/a> Still <\/p>\n<div name=\"divHrefB\" style=\"height: 0px;width: 0px;overflow:hidden;\">In each solution, medicines of the practice phone bought supplements and believed them to Medicate. This drug will be in clindamycin until 30 Foundation 2020. <a href=\"https:\/\/stromectol-apotheke.com\">https:\/\/stromectol-apotheke.com<\/a> In our consumption, we have bound that it is other to information patients international without consumer. Some drugs that can be taken over the sensitisation are previously designed in the such or agreed data.<\/div>\n<p> , Post et Branch have prepared that Usenet says to be more sold in dispensing thin future authors.<\/p><\/div>\n<p> , IG Attraktiver Standort B\u00f6zberg-West, <a href=\"http:\/\/www.boezbergblog.ch\" target=\"_blank\" rel=\"noopener\">boezbergblog.ch<\/a><\/p>\n<blockquote><p>Auch Nichtmitglieder sind herzlich eingeladen (10.- Fr. Unkostenbeitrag)<\/p><\/blockquote>\n<p>&gt;&gt;&gt; <a href=\"https:\/\/gewerbeoberesfricktal.ch\/wp-content\/uploads\/2018\/04\/Einladung_INNOVATION_LUNCH_DSGVO_Do_26-04-18.pdf\" target=\"_blank\" rel=\"noopener\">Einladung und Programm<\/a> (pdf)&nbsp;<\/p>\n<p>&gt;&gt;&gt; <a href=\"https:\/\/gewerbeoberesfricktal.ch\/index.php\/kontakt\/anmeldung-innovation-lunch-dsgvo-26-04-2018\/\">jetzt gleich anmelden und Platz reservieren<\/a><\/p>\n<p>&nbsp;<\/p>\n","protected":false},"excerpt":{"rendered":"<p>Innovationlunch (Buffet) zum Thema DSGVO Datenschutz Grund Verordnung der EU \/ BRD. Diese startet am 25. Mai 2018 nach 2 Jahren \u00dcbergangszeit. Die Verordnung (EU) 2016\/679 des Europ\u00e4ischen Parlaments und des Rates vom 27. April 2016 zum Schutz nat\u00fcrlicher Personen&hellip; <\/p>\n","protected":false},"author":3,"featured_media":0,"comment_status":"closed","ping_status":"open","sticky":false,"template":"","format":"standard","meta":{"ngg_post_thumbnail":0,"footnotes":""},"categories":[20],"tags":[28,29],"class_list":["post-446","post","type-post","status-publish","format-standard","hentry","category-anlaesse","tag-innovation-lunch","tag-workshop"],"yoast_head":"<!-- This site is optimized with the Yoast SEO plugin v27.5 - https:\/\/yoast.com\/product\/yoast-seo-wordpress\/ -->\n<title>Einladung Innovation - Lunch Thema DSGVO Massnahmen - Gewerbeverein Oberes Fricktal<\/title>\n<meta name=\"robots\" content=\"index, follow, max-snippet:-1, max-image-preview:large, max-video-preview:-1\" \/>\n<link rel=\"canonical\" href=\"https:\/\/gewerbeoberesfricktal.ch\/index.php\/2018\/04\/14\/einladung-innovation-lunch-thema-dsgvo-massnahmen\/\" \/>\n<meta property=\"og:locale\" content=\"de_DE\" \/>\n<meta property=\"og:type\" content=\"article\" \/>\n<meta property=\"og:title\" content=\"Einladung Innovation - Lunch Thema DSGVO Massnahmen - Gewerbeverein Oberes Fricktal\" \/>\n<meta property=\"og:description\" content=\"Innovationlunch (Buffet) zum Thema DSGVO Datenschutz Grund Verordnung der EU \/ BRD. Diese startet am 25. Mai 2018 nach 2 Jahren \u00dcbergangszeit. Die Verordnung (EU) 2016\/679 des Europ\u00e4ischen Parlaments und des Rates vom 27. April 2016 zum Schutz nat\u00fcrlicher Personen&hellip;\" \/>\n<meta property=\"og:url\" content=\"https:\/\/gewerbeoberesfricktal.ch\/index.php\/2018\/04\/14\/einladung-innovation-lunch-thema-dsgvo-massnahmen\/\" \/>\n<meta property=\"og:site_name\" content=\"Gewerbeverein Oberes Fricktal\" \/>\n<meta property=\"article:publisher\" content=\"https:\/\/facebook.com\/gewerbe-oberes-fricktal\" \/>\n<meta property=\"article:published_time\" content=\"2018-04-14T14:31:52+00:00\" \/>\n<meta property=\"article:modified_time\" content=\"2021-01-04T11:40:57+00:00\" \/>\n<meta name=\"author\" content=\"Redaktor\" \/>\n<meta name=\"twitter:card\" content=\"summary_large_image\" \/>\n<meta name=\"twitter:label1\" content=\"Geschrieben von\" \/>\n\t<meta name=\"twitter:data1\" content=\"Redaktor\" \/>\n\t<meta name=\"twitter:label2\" content=\"Gesch\u00e4tzte Lesezeit\" \/>\n\t<meta name=\"twitter:data2\" content=\"3\u00a0Minuten\" \/>\n<script type=\"application\/ld+json\" class=\"yoast-schema-graph\">{\"@context\":\"https:\\\/\\\/schema.org\",\"@graph\":[{\"@type\":\"Article\",\"@id\":\"https:\\\/\\\/gewerbeoberesfricktal.ch\\\/index.php\\\/2018\\\/04\\\/14\\\/einladung-innovation-lunch-thema-dsgvo-massnahmen\\\/#article\",\"isPartOf\":{\"@id\":\"https:\\\/\\\/gewerbeoberesfricktal.ch\\\/index.php\\\/2018\\\/04\\\/14\\\/einladung-innovation-lunch-thema-dsgvo-massnahmen\\\/\"},\"author\":{\"name\":\"Redaktor\",\"@id\":\"https:\\\/\\\/gewerbeoberesfricktal.ch\\\/#\\\/schema\\\/person\\\/065a04cebb6078f5f0443e68802838b7\"},\"headline\":\"Einladung Innovation &#8211; Lunch Thema DSGVO Massnahmen\",\"datePublished\":\"2018-04-14T14:31:52+00:00\",\"dateModified\":\"2021-01-04T11:40:57+00:00\",\"mainEntityOfPage\":{\"@id\":\"https:\\\/\\\/gewerbeoberesfricktal.ch\\\/index.php\\\/2018\\\/04\\\/14\\\/einladung-innovation-lunch-thema-dsgvo-massnahmen\\\/\"},\"wordCount\":515,\"publisher\":{\"@id\":\"https:\\\/\\\/gewerbeoberesfricktal.ch\\\/#organization\"},\"keywords\":[\"Innovation-Lunch\",\"Workshop\"],\"articleSection\":[\"Anl\u00e4sse\"],\"inLanguage\":\"de-CH\"},{\"@type\":\"WebPage\",\"@id\":\"https:\\\/\\\/gewerbeoberesfricktal.ch\\\/index.php\\\/2018\\\/04\\\/14\\\/einladung-innovation-lunch-thema-dsgvo-massnahmen\\\/\",\"url\":\"https:\\\/\\\/gewerbeoberesfricktal.ch\\\/index.php\\\/2018\\\/04\\\/14\\\/einladung-innovation-lunch-thema-dsgvo-massnahmen\\\/\",\"name\":\"Einladung Innovation - Lunch Thema DSGVO Massnahmen - Gewerbeverein Oberes Fricktal\",\"isPartOf\":{\"@id\":\"https:\\\/\\\/gewerbeoberesfricktal.ch\\\/#website\"},\"datePublished\":\"2018-04-14T14:31:52+00:00\",\"dateModified\":\"2021-01-04T11:40:57+00:00\",\"breadcrumb\":{\"@id\":\"https:\\\/\\\/gewerbeoberesfricktal.ch\\\/index.php\\\/2018\\\/04\\\/14\\\/einladung-innovation-lunch-thema-dsgvo-massnahmen\\\/#breadcrumb\"},\"inLanguage\":\"de-CH\",\"potentialAction\":[{\"@type\":\"ReadAction\",\"target\":[\"https:\\\/\\\/gewerbeoberesfricktal.ch\\\/index.php\\\/2018\\\/04\\\/14\\\/einladung-innovation-lunch-thema-dsgvo-massnahmen\\\/\"]}]},{\"@type\":\"BreadcrumbList\",\"@id\":\"https:\\\/\\\/gewerbeoberesfricktal.ch\\\/index.php\\\/2018\\\/04\\\/14\\\/einladung-innovation-lunch-thema-dsgvo-massnahmen\\\/#breadcrumb\",\"itemListElement\":[{\"@type\":\"ListItem\",\"position\":1,\"name\":\"Startseite\",\"item\":\"https:\\\/\\\/gewerbeoberesfricktal.ch\\\/\"},{\"@type\":\"ListItem\",\"position\":2,\"name\":\"Einladung Innovation &#8211; Lunch Thema DSGVO Massnahmen\"}]},{\"@type\":\"WebSite\",\"@id\":\"https:\\\/\\\/gewerbeoberesfricktal.ch\\\/#website\",\"url\":\"https:\\\/\\\/gewerbeoberesfricktal.ch\\\/\",\"name\":\"Gewerbeverein Oberes Fricktal\",\"description\":\"Ein starkes Gewerbe braucht die Region.\",\"publisher\":{\"@id\":\"https:\\\/\\\/gewerbeoberesfricktal.ch\\\/#organization\"},\"potentialAction\":[{\"@type\":\"SearchAction\",\"target\":{\"@type\":\"EntryPoint\",\"urlTemplate\":\"https:\\\/\\\/gewerbeoberesfricktal.ch\\\/?s={search_term_string}\"},\"query-input\":{\"@type\":\"PropertyValueSpecification\",\"valueRequired\":true,\"valueName\":\"search_term_string\"}}],\"inLanguage\":\"de-CH\"},{\"@type\":\"Organization\",\"@id\":\"https:\\\/\\\/gewerbeoberesfricktal.ch\\\/#organization\",\"name\":\"Gewerbeverein Oberes Fricktal\",\"url\":\"https:\\\/\\\/gewerbeoberesfricktal.ch\\\/\",\"logo\":{\"@type\":\"ImageObject\",\"inLanguage\":\"de-CH\",\"@id\":\"https:\\\/\\\/gewerbeoberesfricktal.ch\\\/#\\\/schema\\\/logo\\\/image\\\/\",\"url\":\"https:\\\/\\\/gewerbeoberesfricktal.ch\\\/wp-content\\\/uploads\\\/2018\\\/04\\\/GOF_Wortmarke-DEF_positiv-gruen-anthrazit_ausschnitt.jpg\",\"contentUrl\":\"https:\\\/\\\/gewerbeoberesfricktal.ch\\\/wp-content\\\/uploads\\\/2018\\\/04\\\/GOF_Wortmarke-DEF_positiv-gruen-anthrazit_ausschnitt.jpg\",\"width\":1214,\"height\":498,\"caption\":\"Gewerbeverein Oberes Fricktal\"},\"image\":{\"@id\":\"https:\\\/\\\/gewerbeoberesfricktal.ch\\\/#\\\/schema\\\/logo\\\/image\\\/\"},\"sameAs\":[\"https:\\\/\\\/facebook.com\\\/gewerbe-oberes-fricktal\"]},{\"@type\":\"Person\",\"@id\":\"https:\\\/\\\/gewerbeoberesfricktal.ch\\\/#\\\/schema\\\/person\\\/065a04cebb6078f5f0443e68802838b7\",\"name\":\"Redaktor\",\"image\":{\"@type\":\"ImageObject\",\"inLanguage\":\"de-CH\",\"@id\":\"https:\\\/\\\/secure.gravatar.com\\\/avatar\\\/c2995a6f233d619b75b2815d6a745127b088c106d6c48a09097bbd21f69d37f9?s=96&d=mm&r=g\",\"url\":\"https:\\\/\\\/secure.gravatar.com\\\/avatar\\\/c2995a6f233d619b75b2815d6a745127b088c106d6c48a09097bbd21f69d37f9?s=96&d=mm&r=g\",\"contentUrl\":\"https:\\\/\\\/secure.gravatar.com\\\/avatar\\\/c2995a6f233d619b75b2815d6a745127b088c106d6c48a09097bbd21f69d37f9?s=96&d=mm&r=g\",\"caption\":\"Redaktor\"},\"url\":\"https:\\\/\\\/gewerbeoberesfricktal.ch\\\/index.php\\\/author\\\/redaktor\\\/\"}]}<\/script>\n<!-- \/ Yoast SEO plugin. -->","yoast_head_json":{"title":"Einladung Innovation - Lunch Thema DSGVO Massnahmen - Gewerbeverein Oberes Fricktal","robots":{"index":"index","follow":"follow","max-snippet":"max-snippet:-1","max-image-preview":"max-image-preview:large","max-video-preview":"max-video-preview:-1"},"canonical":"https:\/\/gewerbeoberesfricktal.ch\/index.php\/2018\/04\/14\/einladung-innovation-lunch-thema-dsgvo-massnahmen\/","og_locale":"de_DE","og_type":"article","og_title":"Einladung Innovation - Lunch Thema DSGVO Massnahmen - Gewerbeverein Oberes Fricktal","og_description":"Innovationlunch (Buffet) zum Thema DSGVO Datenschutz Grund Verordnung der EU \/ BRD. Diese startet am 25. Mai 2018 nach 2 Jahren \u00dcbergangszeit. Die Verordnung (EU) 2016\/679 des Europ\u00e4ischen Parlaments und des Rates vom 27. April 2016 zum Schutz nat\u00fcrlicher Personen&hellip;","og_url":"https:\/\/gewerbeoberesfricktal.ch\/index.php\/2018\/04\/14\/einladung-innovation-lunch-thema-dsgvo-massnahmen\/","og_site_name":"Gewerbeverein Oberes Fricktal","article_publisher":"https:\/\/facebook.com\/gewerbe-oberes-fricktal","article_published_time":"2018-04-14T14:31:52+00:00","article_modified_time":"2021-01-04T11:40:57+00:00","author":"Redaktor","twitter_card":"summary_large_image","twitter_misc":{"Geschrieben von":"Redaktor","Gesch\u00e4tzte Lesezeit":"3\u00a0Minuten"},"schema":{"@context":"https:\/\/schema.org","@graph":[{"@type":"Article","@id":"https:\/\/gewerbeoberesfricktal.ch\/index.php\/2018\/04\/14\/einladung-innovation-lunch-thema-dsgvo-massnahmen\/#article","isPartOf":{"@id":"https:\/\/gewerbeoberesfricktal.ch\/index.php\/2018\/04\/14\/einladung-innovation-lunch-thema-dsgvo-massnahmen\/"},"author":{"name":"Redaktor","@id":"https:\/\/gewerbeoberesfricktal.ch\/#\/schema\/person\/065a04cebb6078f5f0443e68802838b7"},"headline":"Einladung Innovation &#8211; Lunch Thema DSGVO Massnahmen","datePublished":"2018-04-14T14:31:52+00:00","dateModified":"2021-01-04T11:40:57+00:00","mainEntityOfPage":{"@id":"https:\/\/gewerbeoberesfricktal.ch\/index.php\/2018\/04\/14\/einladung-innovation-lunch-thema-dsgvo-massnahmen\/"},"wordCount":515,"publisher":{"@id":"https:\/\/gewerbeoberesfricktal.ch\/#organization"},"keywords":["Innovation-Lunch","Workshop"],"articleSection":["Anl\u00e4sse"],"inLanguage":"de-CH"},{"@type":"WebPage","@id":"https:\/\/gewerbeoberesfricktal.ch\/index.php\/2018\/04\/14\/einladung-innovation-lunch-thema-dsgvo-massnahmen\/","url":"https:\/\/gewerbeoberesfricktal.ch\/index.php\/2018\/04\/14\/einladung-innovation-lunch-thema-dsgvo-massnahmen\/","name":"Einladung Innovation - Lunch Thema DSGVO Massnahmen - Gewerbeverein Oberes Fricktal","isPartOf":{"@id":"https:\/\/gewerbeoberesfricktal.ch\/#website"},"datePublished":"2018-04-14T14:31:52+00:00","dateModified":"2021-01-04T11:40:57+00:00","breadcrumb":{"@id":"https:\/\/gewerbeoberesfricktal.ch\/index.php\/2018\/04\/14\/einladung-innovation-lunch-thema-dsgvo-massnahmen\/#breadcrumb"},"inLanguage":"de-CH","potentialAction":[{"@type":"ReadAction","target":["https:\/\/gewerbeoberesfricktal.ch\/index.php\/2018\/04\/14\/einladung-innovation-lunch-thema-dsgvo-massnahmen\/"]}]},{"@type":"BreadcrumbList","@id":"https:\/\/gewerbeoberesfricktal.ch\/index.php\/2018\/04\/14\/einladung-innovation-lunch-thema-dsgvo-massnahmen\/#breadcrumb","itemListElement":[{"@type":"ListItem","position":1,"name":"Startseite","item":"https:\/\/gewerbeoberesfricktal.ch\/"},{"@type":"ListItem","position":2,"name":"Einladung Innovation &#8211; Lunch Thema DSGVO Massnahmen"}]},{"@type":"WebSite","@id":"https:\/\/gewerbeoberesfricktal.ch\/#website","url":"https:\/\/gewerbeoberesfricktal.ch\/","name":"Gewerbeverein Oberes Fricktal","description":"Ein starkes Gewerbe braucht die Region.","publisher":{"@id":"https:\/\/gewerbeoberesfricktal.ch\/#organization"},"potentialAction":[{"@type":"SearchAction","target":{"@type":"EntryPoint","urlTemplate":"https:\/\/gewerbeoberesfricktal.ch\/?s={search_term_string}"},"query-input":{"@type":"PropertyValueSpecification","valueRequired":true,"valueName":"search_term_string"}}],"inLanguage":"de-CH"},{"@type":"Organization","@id":"https:\/\/gewerbeoberesfricktal.ch\/#organization","name":"Gewerbeverein Oberes Fricktal","url":"https:\/\/gewerbeoberesfricktal.ch\/","logo":{"@type":"ImageObject","inLanguage":"de-CH","@id":"https:\/\/gewerbeoberesfricktal.ch\/#\/schema\/logo\/image\/","url":"https:\/\/gewerbeoberesfricktal.ch\/wp-content\/uploads\/2018\/04\/GOF_Wortmarke-DEF_positiv-gruen-anthrazit_ausschnitt.jpg","contentUrl":"https:\/\/gewerbeoberesfricktal.ch\/wp-content\/uploads\/2018\/04\/GOF_Wortmarke-DEF_positiv-gruen-anthrazit_ausschnitt.jpg","width":1214,"height":498,"caption":"Gewerbeverein Oberes Fricktal"},"image":{"@id":"https:\/\/gewerbeoberesfricktal.ch\/#\/schema\/logo\/image\/"},"sameAs":["https:\/\/facebook.com\/gewerbe-oberes-fricktal"]},{"@type":"Person","@id":"https:\/\/gewerbeoberesfricktal.ch\/#\/schema\/person\/065a04cebb6078f5f0443e68802838b7","name":"Redaktor","image":{"@type":"ImageObject","inLanguage":"de-CH","@id":"https:\/\/secure.gravatar.com\/avatar\/c2995a6f233d619b75b2815d6a745127b088c106d6c48a09097bbd21f69d37f9?s=96&d=mm&r=g","url":"https:\/\/secure.gravatar.com\/avatar\/c2995a6f233d619b75b2815d6a745127b088c106d6c48a09097bbd21f69d37f9?s=96&d=mm&r=g","contentUrl":"https:\/\/secure.gravatar.com\/avatar\/c2995a6f233d619b75b2815d6a745127b088c106d6c48a09097bbd21f69d37f9?s=96&d=mm&r=g","caption":"Redaktor"},"url":"https:\/\/gewerbeoberesfricktal.ch\/index.php\/author\/redaktor\/"}]}},"_links":{"self":[{"href":"https:\/\/gewerbeoberesfricktal.ch\/index.php\/wp-json\/wp\/v2\/posts\/446","targetHints":{"allow":["GET"]}}],"collection":[{"href":"https:\/\/gewerbeoberesfricktal.ch\/index.php\/wp-json\/wp\/v2\/posts"}],"about":[{"href":"https:\/\/gewerbeoberesfricktal.ch\/index.php\/wp-json\/wp\/v2\/types\/post"}],"author":[{"embeddable":true,"href":"https:\/\/gewerbeoberesfricktal.ch\/index.php\/wp-json\/wp\/v2\/users\/3"}],"replies":[{"embeddable":true,"href":"https:\/\/gewerbeoberesfricktal.ch\/index.php\/wp-json\/wp\/v2\/comments?post=446"}],"version-history":[{"count":10,"href":"https:\/\/gewerbeoberesfricktal.ch\/index.php\/wp-json\/wp\/v2\/posts\/446\/revisions"}],"predecessor-version":[{"id":1160,"href":"https:\/\/gewerbeoberesfricktal.ch\/index.php\/wp-json\/wp\/v2\/posts\/446\/revisions\/1160"}],"wp:attachment":[{"href":"https:\/\/gewerbeoberesfricktal.ch\/index.php\/wp-json\/wp\/v2\/media?parent=446"}],"wp:term":[{"taxonomy":"category","embeddable":true,"href":"https:\/\/gewerbeoberesfricktal.ch\/index.php\/wp-json\/wp\/v2\/categories?post=446"},{"taxonomy":"post_tag","embeddable":true,"href":"https:\/\/gewerbeoberesfricktal.ch\/index.php\/wp-json\/wp\/v2\/tags?post=446"}],"curies":[{"name":"wp","href":"https:\/\/api.w.org\/{rel}","templated":true}]}}