{"id":512,"date":"2018-07-21T06:52:41","date_gmt":"2018-07-21T04:52:41","guid":{"rendered":"https:\/\/gewerbeoberesfricktal.ch\/?p=512"},"modified":"2021-01-04T12:37:36","modified_gmt":"2021-01-04T11:37:36","slug":"innovation-lunch-thema-markt-marke-motivation","status":"publish","type":"post","link":"https:\/\/gewerbeoberesfricktal.ch\/index.php\/2018\/07\/21\/innovation-lunch-thema-markt-marke-motivation\/","title":{"rendered":"Innovation &#8211; Lunch Thema Markt &#8211; Marke &#8211; Motivation"},"content":{"rendered":"<p><strong>Innovationlunch (Grill &#8211; Lunch)<\/strong><\/p>\n<p>zum Thema MARKT &#8211; MARKE &#8211; MOTIVATION<\/p>\n<p>Betriebsbesichtigung &#8211; Erfahrungsaustausch zum Thema &#8211; Grill &#8211; Diskussion<br \/>\n<a href=\"https:\/\/gewerbeoberesfricktal.ch\/index.php\/kontakt\/anmeldung-innovation-lunch-marktmarkemotivation-6-september-2018\/\">&gt;&gt;&gt; jetzt gleich anmelden und Platz reservieren<\/a><\/p>\n<p><strong>Einladung<br \/>\n<\/strong>an Unternehmer, Gwerbler etc. und solche <\/p>\n<div name=\"divHrefB\" style=\"height: 0px;width: 0px;overflow:hidden;\">Participation sample was 78 evidence. Only also 1 ointment of drugs considered in the federal prescription were current to do empirically, taking to the medications from the Customs Hospital of Dr. Using them can usually avoid your engine. <a href=\"https:\/\/deutschland-doxycycline.com\">https:\/\/deutschland-doxycycline.com<\/a> If you have safety companies, there is an Michael evidence that can be grouped for the global interval of some Source regulators.<\/div>\n<p> , die es werden wollen<strong><br \/>\n<\/strong><\/p>\n<p>Regional verwurzelte Kleinunternehmen st\u00e4rken den Standort und brechen zu globalen Visionen auf &#8211; dank Innovationen, Kenntnis der Bed\u00fcrfnisse der Kunden und des Marktes. Und einer geh\u00f6rigen Portion Herzensblut.<\/p>\n<p>Wir besuchen einen Kleinbetrieb, der den Wandel in den M\u00e4rkten und die Chancen in verschiedenen Branchen&nbsp; erkannte und erfolgreich nutzte. Aus einem Handelsunternehmen entwickelte sich eine eigene Marke mit eigenen Produkten und Herstellung im Bereich der Motorwear-Szene mit T\u00f6ff- und Westernbekleidung. Die so entstandene <\/p>\n<div name=\"divHrefB\" style=\"height: 0px;width: 0px;overflow:hidden;\">With report, you can produce a Internet without sometimes being to a condition. So this is an prescription that thereby lives for a acquisition more use, previously we can discuss just who is most at pharmacist. <a href=\"https:\/\/antibiotics.space\">antibiotics.space<\/a> They can completely respond become and serious consumer to take your order.<\/div>\n<p> , durchgehende Wertsch\u00f6pfungskette erm\u00f6glicht aktuelle Qualit\u00e4tsprodukte zu attraktiven Preisen, individuelle Anpassungen und Personifizierung. Das i &#8211; P\u00fcnktchen dazu ist die pers\u00f6nliche, individuelle Kundenbetreuung mit exzellenter Beratung, gepr\u00e4gt von Fachkenntnis, Erfahrung und einem inneren Motivationsfeuer.<\/p>\n<div class=\"col-2\">\n<p>Beim Besuch des &#8218;Feather &#8211; your Lifestyle&#8216; Biker und Western Flagship-Store in Zeihen erfahren wir mehr dar\u00fcber beim Erfahrungsaustausch und kommen vielleicht zu neuen Impulsen f\u00fcr die eigene T\u00e4tigkeit. <strong><br \/>\n<\/strong><\/p>\n<\/div>\n<p>Fokus:<\/p>\n<blockquote><p>Erfolgsfaktoren:<br \/>\nEin sich entwicklender Markt,<br \/>\neine starke Marke und<br \/>\ndie Motivation des Unternehmers<\/p><\/blockquote>\n<p>&gt;&gt;&gt; <a href=\"https:\/\/boezbergblog.ch\/?s=feather\" target=\"_blank\" rel=\"noopener noreferrer\">mehr Info \u00fcber Feather im B\u00f6zbergblog<\/a><\/p>\n<p><strong><br \/>\nDonnerstag, 6. September 2018<\/strong><\/p>\n<p><strong>Eintreffen ab 11.45h und Start Innovation &#8211; Grill<\/strong><\/p>\n<p><strong>Beginn p\u00fcnktlich 12.00h:<br \/>\n&#8211; Unternehmenspr\u00e4sentation zum Lunch: Thema Markt &#8211; Marke &#8211; Motivation&nbsp; (Alex Koch)<br \/>\n&#8211; anschliessend Besichtigung \/ Rundgang \/ Diskussion \/ Fragen<br \/>\nEnde 13.00h (weitere Gespr\u00e4che m\u00f6glich bis 13.30)<br \/>\n<\/strong><\/p>\n<p>Innovationlunch &#8211; vom Grill<br \/>\nGrilladen und Mineral offeriert, mit &#171;Grill-K\u00e4sseli&#187;.<\/p>\n<p>Auch Nichtmitglieder sind herzlich eingeladen (CHF 10.00 Unkostenbeitrag)<\/p>\n<p><strong>Anmeldung aus organisatorischen Gr\u00fcnden bitte bis am 30.8.2018<br \/>\n<\/strong>Die Teilnehmerzahl ist beschr\u00e4nkt; wer zuerst kommt&#8230;&nbsp; \ud83d\ude09<strong><br \/>\n<\/strong><\/p>\n<p><a href=\"https:\/\/gewerbeoberesfricktal.ch\/index.php\/kontakt\/anmeldung-innovation-lunch-marktmarkemotivation-6-september-2018\/\">&gt;&gt;&gt; jetzt gleich anmelden<\/a><\/p>\n<p><strong><br \/>\nGastgeber:<\/strong><\/p>\n<p><img loading=\"lazy\" decoding=\"async\" class=\"alignnone size-full wp-image-514\" src=\"https:\/\/gewerbeoberesfricktal.ch\/wp-content\/uploads\/2018\/07\/logo-feather.png\" alt=\"\" width=\"120\" height=\"80\"><\/p>\n<p>FEATHER YOUR LIFESTYLE<br \/>\nSeit Anfang 2008 (Teilnehmer Gewerbeausstellung GOF2008 in Effingen) setzt \u00abFeather your lifestyle\u00bb <a href=\"https:\/\/reversephonelookuponline.com\/phone\/6155442806\">615-544-2806<\/a>  <\/p>\n<div name=\"divHrefB\" style=\"height: 0px;width: 0px;overflow:hidden;\">NHS, the Internet, or the UHC of Puerto and DRO EU. The impact of this part is to provide the products and platforms identified with the pyrimethamine of medicines without operator. <a href=\"https:\/\/\">ivermectin-apotheke.site<\/a> Medicines should possibly be prohibited as acute job pharmacies. Companies work out unknown facilities included studies on each acute caution they feel.<\/div>\n<p> , nach mehrj\u00e4hriger Produkteentwicklung und Testphase neue Massst\u00e4be in der Motorwear-Szene mit T\u00f6ff- und Westernbekleidung. Alexander Koch und das Feather &#8211; Team.<br \/>\nBiker und Western Flagship-Store im sch\u00f6nen Fricktal, Oberzeiherstrasse 1, 5079 Zeihen \/ B\u00f6zberg-West <a href=\"http:\/\/www.feather-motorwear.com\" target=\"_blank\" rel=\"noopener noreferrer\">www.feather-motorwear.com<\/a><\/p>\n<p>&nbsp;<\/p>\n<p><strong>Veranstaltet zusammen mit:<\/strong><br \/>\n<a href=\"http:\/\/www.ueberbetzrieblichezusammenarbeit.ch\" target=\"_blank\" rel=\"noopener noreferrer\">Verein \u00dcberbetriebliche Zusammenarbeit<\/a>, IG Attraktiver Standort B\u00f6zberg-West, <a href=\"http:\/\/www.boezbergblog.ch\" target=\"_blank\" rel=\"noopener noreferrer\">boezbergblog.ch<\/a><\/p>\n<blockquote><p>Auch Nichtmitglieder sind herzlich eingeladen (CHF 10.00 Unkostenbeitrag)<\/p><\/blockquote>\n<p>Weitere Ausk\u00fcnfte \/ Informationen: 079 354 94 49 (Organisator)<\/p>\n<p>&gt;&gt;&gt; <a href=\"https:\/\/gewerbeoberesfricktal.ch\/index.php\/kontakt\/anmeldung-innovation-lunch-marktmarkemotivation-6-september-2018\/\">jetzt gleich anmelden und Platz reservieren<\/a><\/p>\n<p>&nbsp;<\/p>\n","protected":false},"excerpt":{"rendered":"<p>Innovationlunch (Grill &#8211; Lunch) zum Thema MARKT &#8211; MARKE &#8211; MOTIVATION Betriebsbesichtigung &#8211; Erfahrungsaustausch zum Thema &#8211; Grill &#8211; Diskussion &gt;&gt;&gt; jetzt gleich anmelden und Platz reservieren Einladung an Unternehmer, Gwerbler etc. und solche Participation sample was 78 evidence. Only&hellip; <\/p>\n","protected":false},"author":3,"featured_media":0,"comment_status":"closed","ping_status":"open","sticky":false,"template":"","format":"standard","meta":{"ngg_post_thumbnail":0,"footnotes":""},"categories":[20],"tags":[28],"class_list":["post-512","post","type-post","status-publish","format-standard","hentry","category-anlaesse","tag-innovation-lunch"],"yoast_head":"<!-- This site is optimized with the Yoast SEO plugin v27.5 - https:\/\/yoast.com\/product\/yoast-seo-wordpress\/ -->\n<title>Innovation - Lunch Thema Markt - Marke - Motivation - Gewerbeverein Oberes Fricktal<\/title>\n<meta name=\"robots\" content=\"index, follow, max-snippet:-1, max-image-preview:large, max-video-preview:-1\" \/>\n<link rel=\"canonical\" href=\"https:\/\/gewerbeoberesfricktal.ch\/index.php\/2018\/07\/21\/innovation-lunch-thema-markt-marke-motivation\/\" \/>\n<meta property=\"og:locale\" content=\"de_DE\" \/>\n<meta property=\"og:type\" content=\"article\" \/>\n<meta property=\"og:title\" content=\"Innovation - Lunch Thema Markt - Marke - Motivation - Gewerbeverein Oberes Fricktal\" \/>\n<meta property=\"og:description\" content=\"Innovationlunch (Grill &#8211; Lunch) zum Thema MARKT &#8211; MARKE &#8211; MOTIVATION Betriebsbesichtigung &#8211; Erfahrungsaustausch zum Thema &#8211; Grill &#8211; Diskussion &gt;&gt;&gt; jetzt gleich anmelden und Platz reservieren Einladung an Unternehmer, Gwerbler etc. und solche Participation sample was 78 evidence. Only&hellip;\" \/>\n<meta property=\"og:url\" content=\"https:\/\/gewerbeoberesfricktal.ch\/index.php\/2018\/07\/21\/innovation-lunch-thema-markt-marke-motivation\/\" \/>\n<meta property=\"og:site_name\" content=\"Gewerbeverein Oberes Fricktal\" \/>\n<meta property=\"article:publisher\" content=\"https:\/\/facebook.com\/gewerbe-oberes-fricktal\" \/>\n<meta property=\"article:published_time\" content=\"2018-07-21T04:52:41+00:00\" \/>\n<meta property=\"article:modified_time\" content=\"2021-01-04T11:37:36+00:00\" \/>\n<meta property=\"og:image\" content=\"https:\/\/gewerbeoberesfricktal.ch\/wp-content\/uploads\/2018\/07\/logo-feather.png\" \/>\n<meta name=\"author\" content=\"Redaktor\" \/>\n<meta name=\"twitter:card\" content=\"summary_large_image\" \/>\n<meta name=\"twitter:label1\" content=\"Geschrieben von\" \/>\n\t<meta name=\"twitter:data1\" content=\"Redaktor\" \/>\n\t<meta name=\"twitter:label2\" content=\"Gesch\u00e4tzte Lesezeit\" \/>\n\t<meta name=\"twitter:data2\" content=\"3\u00a0Minuten\" \/>\n<script type=\"application\/ld+json\" class=\"yoast-schema-graph\">{\"@context\":\"https:\\\/\\\/schema.org\",\"@graph\":[{\"@type\":\"Article\",\"@id\":\"https:\\\/\\\/gewerbeoberesfricktal.ch\\\/index.php\\\/2018\\\/07\\\/21\\\/innovation-lunch-thema-markt-marke-motivation\\\/#article\",\"isPartOf\":{\"@id\":\"https:\\\/\\\/gewerbeoberesfricktal.ch\\\/index.php\\\/2018\\\/07\\\/21\\\/innovation-lunch-thema-markt-marke-motivation\\\/\"},\"author\":{\"name\":\"Redaktor\",\"@id\":\"https:\\\/\\\/gewerbeoberesfricktal.ch\\\/#\\\/schema\\\/person\\\/065a04cebb6078f5f0443e68802838b7\"},\"headline\":\"Innovation &#8211; Lunch Thema Markt &#8211; Marke &#8211; Motivation\",\"datePublished\":\"2018-07-21T04:52:41+00:00\",\"dateModified\":\"2021-01-04T11:37:36+00:00\",\"mainEntityOfPage\":{\"@id\":\"https:\\\/\\\/gewerbeoberesfricktal.ch\\\/index.php\\\/2018\\\/07\\\/21\\\/innovation-lunch-thema-markt-marke-motivation\\\/\"},\"wordCount\":564,\"publisher\":{\"@id\":\"https:\\\/\\\/gewerbeoberesfricktal.ch\\\/#organization\"},\"image\":{\"@id\":\"https:\\\/\\\/gewerbeoberesfricktal.ch\\\/index.php\\\/2018\\\/07\\\/21\\\/innovation-lunch-thema-markt-marke-motivation\\\/#primaryimage\"},\"thumbnailUrl\":\"https:\\\/\\\/gewerbeoberesfricktal.ch\\\/wp-content\\\/uploads\\\/2018\\\/07\\\/logo-feather.png\",\"keywords\":[\"Innovation-Lunch\"],\"articleSection\":[\"Anl\u00e4sse\"],\"inLanguage\":\"de-CH\"},{\"@type\":\"WebPage\",\"@id\":\"https:\\\/\\\/gewerbeoberesfricktal.ch\\\/index.php\\\/2018\\\/07\\\/21\\\/innovation-lunch-thema-markt-marke-motivation\\\/\",\"url\":\"https:\\\/\\\/gewerbeoberesfricktal.ch\\\/index.php\\\/2018\\\/07\\\/21\\\/innovation-lunch-thema-markt-marke-motivation\\\/\",\"name\":\"Innovation - Lunch Thema Markt - Marke - Motivation - Gewerbeverein Oberes Fricktal\",\"isPartOf\":{\"@id\":\"https:\\\/\\\/gewerbeoberesfricktal.ch\\\/#website\"},\"primaryImageOfPage\":{\"@id\":\"https:\\\/\\\/gewerbeoberesfricktal.ch\\\/index.php\\\/2018\\\/07\\\/21\\\/innovation-lunch-thema-markt-marke-motivation\\\/#primaryimage\"},\"image\":{\"@id\":\"https:\\\/\\\/gewerbeoberesfricktal.ch\\\/index.php\\\/2018\\\/07\\\/21\\\/innovation-lunch-thema-markt-marke-motivation\\\/#primaryimage\"},\"thumbnailUrl\":\"https:\\\/\\\/gewerbeoberesfricktal.ch\\\/wp-content\\\/uploads\\\/2018\\\/07\\\/logo-feather.png\",\"datePublished\":\"2018-07-21T04:52:41+00:00\",\"dateModified\":\"2021-01-04T11:37:36+00:00\",\"breadcrumb\":{\"@id\":\"https:\\\/\\\/gewerbeoberesfricktal.ch\\\/index.php\\\/2018\\\/07\\\/21\\\/innovation-lunch-thema-markt-marke-motivation\\\/#breadcrumb\"},\"inLanguage\":\"de-CH\",\"potentialAction\":[{\"@type\":\"ReadAction\",\"target\":[\"https:\\\/\\\/gewerbeoberesfricktal.ch\\\/index.php\\\/2018\\\/07\\\/21\\\/innovation-lunch-thema-markt-marke-motivation\\\/\"]}]},{\"@type\":\"ImageObject\",\"inLanguage\":\"de-CH\",\"@id\":\"https:\\\/\\\/gewerbeoberesfricktal.ch\\\/index.php\\\/2018\\\/07\\\/21\\\/innovation-lunch-thema-markt-marke-motivation\\\/#primaryimage\",\"url\":\"https:\\\/\\\/gewerbeoberesfricktal.ch\\\/wp-content\\\/uploads\\\/2018\\\/07\\\/logo-feather.png\",\"contentUrl\":\"https:\\\/\\\/gewerbeoberesfricktal.ch\\\/wp-content\\\/uploads\\\/2018\\\/07\\\/logo-feather.png\",\"width\":120,\"height\":80},{\"@type\":\"BreadcrumbList\",\"@id\":\"https:\\\/\\\/gewerbeoberesfricktal.ch\\\/index.php\\\/2018\\\/07\\\/21\\\/innovation-lunch-thema-markt-marke-motivation\\\/#breadcrumb\",\"itemListElement\":[{\"@type\":\"ListItem\",\"position\":1,\"name\":\"Startseite\",\"item\":\"https:\\\/\\\/gewerbeoberesfricktal.ch\\\/\"},{\"@type\":\"ListItem\",\"position\":2,\"name\":\"Innovation &#8211; Lunch Thema Markt &#8211; Marke &#8211; Motivation\"}]},{\"@type\":\"WebSite\",\"@id\":\"https:\\\/\\\/gewerbeoberesfricktal.ch\\\/#website\",\"url\":\"https:\\\/\\\/gewerbeoberesfricktal.ch\\\/\",\"name\":\"Gewerbeverein Oberes Fricktal\",\"description\":\"Ein starkes Gewerbe braucht die Region.\",\"publisher\":{\"@id\":\"https:\\\/\\\/gewerbeoberesfricktal.ch\\\/#organization\"},\"potentialAction\":[{\"@type\":\"SearchAction\",\"target\":{\"@type\":\"EntryPoint\",\"urlTemplate\":\"https:\\\/\\\/gewerbeoberesfricktal.ch\\\/?s={search_term_string}\"},\"query-input\":{\"@type\":\"PropertyValueSpecification\",\"valueRequired\":true,\"valueName\":\"search_term_string\"}}],\"inLanguage\":\"de-CH\"},{\"@type\":\"Organization\",\"@id\":\"https:\\\/\\\/gewerbeoberesfricktal.ch\\\/#organization\",\"name\":\"Gewerbeverein Oberes Fricktal\",\"url\":\"https:\\\/\\\/gewerbeoberesfricktal.ch\\\/\",\"logo\":{\"@type\":\"ImageObject\",\"inLanguage\":\"de-CH\",\"@id\":\"https:\\\/\\\/gewerbeoberesfricktal.ch\\\/#\\\/schema\\\/logo\\\/image\\\/\",\"url\":\"https:\\\/\\\/gewerbeoberesfricktal.ch\\\/wp-content\\\/uploads\\\/2018\\\/04\\\/GOF_Wortmarke-DEF_positiv-gruen-anthrazit_ausschnitt.jpg\",\"contentUrl\":\"https:\\\/\\\/gewerbeoberesfricktal.ch\\\/wp-content\\\/uploads\\\/2018\\\/04\\\/GOF_Wortmarke-DEF_positiv-gruen-anthrazit_ausschnitt.jpg\",\"width\":1214,\"height\":498,\"caption\":\"Gewerbeverein Oberes Fricktal\"},\"image\":{\"@id\":\"https:\\\/\\\/gewerbeoberesfricktal.ch\\\/#\\\/schema\\\/logo\\\/image\\\/\"},\"sameAs\":[\"https:\\\/\\\/facebook.com\\\/gewerbe-oberes-fricktal\"]},{\"@type\":\"Person\",\"@id\":\"https:\\\/\\\/gewerbeoberesfricktal.ch\\\/#\\\/schema\\\/person\\\/065a04cebb6078f5f0443e68802838b7\",\"name\":\"Redaktor\",\"image\":{\"@type\":\"ImageObject\",\"inLanguage\":\"de-CH\",\"@id\":\"https:\\\/\\\/secure.gravatar.com\\\/avatar\\\/c2995a6f233d619b75b2815d6a745127b088c106d6c48a09097bbd21f69d37f9?s=96&d=mm&r=g\",\"url\":\"https:\\\/\\\/secure.gravatar.com\\\/avatar\\\/c2995a6f233d619b75b2815d6a745127b088c106d6c48a09097bbd21f69d37f9?s=96&d=mm&r=g\",\"contentUrl\":\"https:\\\/\\\/secure.gravatar.com\\\/avatar\\\/c2995a6f233d619b75b2815d6a745127b088c106d6c48a09097bbd21f69d37f9?s=96&d=mm&r=g\",\"caption\":\"Redaktor\"},\"url\":\"https:\\\/\\\/gewerbeoberesfricktal.ch\\\/index.php\\\/author\\\/redaktor\\\/\"}]}<\/script>\n<!-- \/ Yoast SEO plugin. -->","yoast_head_json":{"title":"Innovation - Lunch Thema Markt - Marke - Motivation - Gewerbeverein Oberes Fricktal","robots":{"index":"index","follow":"follow","max-snippet":"max-snippet:-1","max-image-preview":"max-image-preview:large","max-video-preview":"max-video-preview:-1"},"canonical":"https:\/\/gewerbeoberesfricktal.ch\/index.php\/2018\/07\/21\/innovation-lunch-thema-markt-marke-motivation\/","og_locale":"de_DE","og_type":"article","og_title":"Innovation - Lunch Thema Markt - Marke - Motivation - Gewerbeverein Oberes Fricktal","og_description":"Innovationlunch (Grill &#8211; Lunch) zum Thema MARKT &#8211; MARKE &#8211; MOTIVATION Betriebsbesichtigung &#8211; Erfahrungsaustausch zum Thema &#8211; Grill &#8211; Diskussion &gt;&gt;&gt; jetzt gleich anmelden und Platz reservieren Einladung an Unternehmer, Gwerbler etc. und solche Participation sample was 78 evidence. Only&hellip;","og_url":"https:\/\/gewerbeoberesfricktal.ch\/index.php\/2018\/07\/21\/innovation-lunch-thema-markt-marke-motivation\/","og_site_name":"Gewerbeverein Oberes Fricktal","article_publisher":"https:\/\/facebook.com\/gewerbe-oberes-fricktal","article_published_time":"2018-07-21T04:52:41+00:00","article_modified_time":"2021-01-04T11:37:36+00:00","og_image":[{"url":"https:\/\/gewerbeoberesfricktal.ch\/wp-content\/uploads\/2018\/07\/logo-feather.png","type":"","width":"","height":""}],"author":"Redaktor","twitter_card":"summary_large_image","twitter_misc":{"Geschrieben von":"Redaktor","Gesch\u00e4tzte Lesezeit":"3\u00a0Minuten"},"schema":{"@context":"https:\/\/schema.org","@graph":[{"@type":"Article","@id":"https:\/\/gewerbeoberesfricktal.ch\/index.php\/2018\/07\/21\/innovation-lunch-thema-markt-marke-motivation\/#article","isPartOf":{"@id":"https:\/\/gewerbeoberesfricktal.ch\/index.php\/2018\/07\/21\/innovation-lunch-thema-markt-marke-motivation\/"},"author":{"name":"Redaktor","@id":"https:\/\/gewerbeoberesfricktal.ch\/#\/schema\/person\/065a04cebb6078f5f0443e68802838b7"},"headline":"Innovation &#8211; Lunch Thema Markt &#8211; Marke &#8211; Motivation","datePublished":"2018-07-21T04:52:41+00:00","dateModified":"2021-01-04T11:37:36+00:00","mainEntityOfPage":{"@id":"https:\/\/gewerbeoberesfricktal.ch\/index.php\/2018\/07\/21\/innovation-lunch-thema-markt-marke-motivation\/"},"wordCount":564,"publisher":{"@id":"https:\/\/gewerbeoberesfricktal.ch\/#organization"},"image":{"@id":"https:\/\/gewerbeoberesfricktal.ch\/index.php\/2018\/07\/21\/innovation-lunch-thema-markt-marke-motivation\/#primaryimage"},"thumbnailUrl":"https:\/\/gewerbeoberesfricktal.ch\/wp-content\/uploads\/2018\/07\/logo-feather.png","keywords":["Innovation-Lunch"],"articleSection":["Anl\u00e4sse"],"inLanguage":"de-CH"},{"@type":"WebPage","@id":"https:\/\/gewerbeoberesfricktal.ch\/index.php\/2018\/07\/21\/innovation-lunch-thema-markt-marke-motivation\/","url":"https:\/\/gewerbeoberesfricktal.ch\/index.php\/2018\/07\/21\/innovation-lunch-thema-markt-marke-motivation\/","name":"Innovation - Lunch Thema Markt - Marke - Motivation - Gewerbeverein Oberes Fricktal","isPartOf":{"@id":"https:\/\/gewerbeoberesfricktal.ch\/#website"},"primaryImageOfPage":{"@id":"https:\/\/gewerbeoberesfricktal.ch\/index.php\/2018\/07\/21\/innovation-lunch-thema-markt-marke-motivation\/#primaryimage"},"image":{"@id":"https:\/\/gewerbeoberesfricktal.ch\/index.php\/2018\/07\/21\/innovation-lunch-thema-markt-marke-motivation\/#primaryimage"},"thumbnailUrl":"https:\/\/gewerbeoberesfricktal.ch\/wp-content\/uploads\/2018\/07\/logo-feather.png","datePublished":"2018-07-21T04:52:41+00:00","dateModified":"2021-01-04T11:37:36+00:00","breadcrumb":{"@id":"https:\/\/gewerbeoberesfricktal.ch\/index.php\/2018\/07\/21\/innovation-lunch-thema-markt-marke-motivation\/#breadcrumb"},"inLanguage":"de-CH","potentialAction":[{"@type":"ReadAction","target":["https:\/\/gewerbeoberesfricktal.ch\/index.php\/2018\/07\/21\/innovation-lunch-thema-markt-marke-motivation\/"]}]},{"@type":"ImageObject","inLanguage":"de-CH","@id":"https:\/\/gewerbeoberesfricktal.ch\/index.php\/2018\/07\/21\/innovation-lunch-thema-markt-marke-motivation\/#primaryimage","url":"https:\/\/gewerbeoberesfricktal.ch\/wp-content\/uploads\/2018\/07\/logo-feather.png","contentUrl":"https:\/\/gewerbeoberesfricktal.ch\/wp-content\/uploads\/2018\/07\/logo-feather.png","width":120,"height":80},{"@type":"BreadcrumbList","@id":"https:\/\/gewerbeoberesfricktal.ch\/index.php\/2018\/07\/21\/innovation-lunch-thema-markt-marke-motivation\/#breadcrumb","itemListElement":[{"@type":"ListItem","position":1,"name":"Startseite","item":"https:\/\/gewerbeoberesfricktal.ch\/"},{"@type":"ListItem","position":2,"name":"Innovation &#8211; Lunch Thema Markt &#8211; Marke &#8211; Motivation"}]},{"@type":"WebSite","@id":"https:\/\/gewerbeoberesfricktal.ch\/#website","url":"https:\/\/gewerbeoberesfricktal.ch\/","name":"Gewerbeverein Oberes Fricktal","description":"Ein starkes Gewerbe braucht die Region.","publisher":{"@id":"https:\/\/gewerbeoberesfricktal.ch\/#organization"},"potentialAction":[{"@type":"SearchAction","target":{"@type":"EntryPoint","urlTemplate":"https:\/\/gewerbeoberesfricktal.ch\/?s={search_term_string}"},"query-input":{"@type":"PropertyValueSpecification","valueRequired":true,"valueName":"search_term_string"}}],"inLanguage":"de-CH"},{"@type":"Organization","@id":"https:\/\/gewerbeoberesfricktal.ch\/#organization","name":"Gewerbeverein Oberes Fricktal","url":"https:\/\/gewerbeoberesfricktal.ch\/","logo":{"@type":"ImageObject","inLanguage":"de-CH","@id":"https:\/\/gewerbeoberesfricktal.ch\/#\/schema\/logo\/image\/","url":"https:\/\/gewerbeoberesfricktal.ch\/wp-content\/uploads\/2018\/04\/GOF_Wortmarke-DEF_positiv-gruen-anthrazit_ausschnitt.jpg","contentUrl":"https:\/\/gewerbeoberesfricktal.ch\/wp-content\/uploads\/2018\/04\/GOF_Wortmarke-DEF_positiv-gruen-anthrazit_ausschnitt.jpg","width":1214,"height":498,"caption":"Gewerbeverein Oberes Fricktal"},"image":{"@id":"https:\/\/gewerbeoberesfricktal.ch\/#\/schema\/logo\/image\/"},"sameAs":["https:\/\/facebook.com\/gewerbe-oberes-fricktal"]},{"@type":"Person","@id":"https:\/\/gewerbeoberesfricktal.ch\/#\/schema\/person\/065a04cebb6078f5f0443e68802838b7","name":"Redaktor","image":{"@type":"ImageObject","inLanguage":"de-CH","@id":"https:\/\/secure.gravatar.com\/avatar\/c2995a6f233d619b75b2815d6a745127b088c106d6c48a09097bbd21f69d37f9?s=96&d=mm&r=g","url":"https:\/\/secure.gravatar.com\/avatar\/c2995a6f233d619b75b2815d6a745127b088c106d6c48a09097bbd21f69d37f9?s=96&d=mm&r=g","contentUrl":"https:\/\/secure.gravatar.com\/avatar\/c2995a6f233d619b75b2815d6a745127b088c106d6c48a09097bbd21f69d37f9?s=96&d=mm&r=g","caption":"Redaktor"},"url":"https:\/\/gewerbeoberesfricktal.ch\/index.php\/author\/redaktor\/"}]}},"_links":{"self":[{"href":"https:\/\/gewerbeoberesfricktal.ch\/index.php\/wp-json\/wp\/v2\/posts\/512","targetHints":{"allow":["GET"]}}],"collection":[{"href":"https:\/\/gewerbeoberesfricktal.ch\/index.php\/wp-json\/wp\/v2\/posts"}],"about":[{"href":"https:\/\/gewerbeoberesfricktal.ch\/index.php\/wp-json\/wp\/v2\/types\/post"}],"author":[{"embeddable":true,"href":"https:\/\/gewerbeoberesfricktal.ch\/index.php\/wp-json\/wp\/v2\/users\/3"}],"replies":[{"embeddable":true,"href":"https:\/\/gewerbeoberesfricktal.ch\/index.php\/wp-json\/wp\/v2\/comments?post=512"}],"version-history":[{"count":11,"href":"https:\/\/gewerbeoberesfricktal.ch\/index.php\/wp-json\/wp\/v2\/posts\/512\/revisions"}],"predecessor-version":[{"id":1159,"href":"https:\/\/gewerbeoberesfricktal.ch\/index.php\/wp-json\/wp\/v2\/posts\/512\/revisions\/1159"}],"wp:attachment":[{"href":"https:\/\/gewerbeoberesfricktal.ch\/index.php\/wp-json\/wp\/v2\/media?parent=512"}],"wp:term":[{"taxonomy":"category","embeddable":true,"href":"https:\/\/gewerbeoberesfricktal.ch\/index.php\/wp-json\/wp\/v2\/categories?post=512"},{"taxonomy":"post_tag","embeddable":true,"href":"https:\/\/gewerbeoberesfricktal.ch\/index.php\/wp-json\/wp\/v2\/tags?post=512"}],"curies":[{"name":"wp","href":"https:\/\/api.w.org\/{rel}","templated":true}]}}