{"id":572,"date":"2024-10-25T09:16:00","date_gmt":"2024-10-25T07:16:00","guid":{"rendered":"https:\/\/gewerbeoberesfricktal.ch\/?p=572"},"modified":"2025-02-01T15:36:51","modified_gmt":"2025-02-01T14:36:51","slug":"aktuelles-jahresprogramm","status":"publish","type":"post","link":"https:\/\/gewerbeoberesfricktal.ch\/index.php\/2024\/10\/25\/aktuelles-jahresprogramm\/","title":{"rendered":"Jahresprogramm 2024"},"content":{"rendered":"\n<p><\/p>\n\n\n\n<p><strong>2024<\/strong><br>(Stand 01-12-24)<\/p>\n\n\n\n<p><\/p>\n\n\n\n<p><strong>Freitag, 5. Januar 2024<\/strong>:<br>After Work Treff: <strong>Das 5. Outdoor-R\u00f6mer-Neujahr-Fondue<\/strong> 18.00 Uhr; bei Waldhaus im Oberen Fricktal. F\u00fcr Vereins- und Partnervereinsmitglieder sowie interessierte Personen aus nah und fern. Aufwandsbeteiligung 60.- Fr. (Aktive Vereinsmitglieder: 30.- Fr.)<br>Anmeldung erforderlich.<\/p>\n\n\n\n<p><strong>Donnerstag, 8. Februar 2024<\/strong>:<br>Mitgliederversammlung; anschliessend<strong> Fachvortrag<\/strong> zu aktuellem Thema mit Diskussion<\/p>\n\n\n\n<p><strong>Mittwochtreffs \/ Richpoints \/ Workshops \/ Innovation-Lunch \/ Arbeitsgruppen \/ Weiterbildungen \/ etc.<\/strong><br>(j\u00e4hrlich 6 monatliche Mittwochstreffs: Richpoint, Vereinstag, Arbeitsgruppen, Aktivit\u00e4ten) <\/p>\n\n\n\n<p>10.4. &#171;Wir nutzen KI\/AI\/AR produktiv: verf\u00fcgbare Tools und Aufgaben&#187;<br>15.5. &#171;Zeit haben k\u00f6nnen&#187;<br>12.6. &#171;Wertsch\u00e4tzend kommunizieren, handeln und f\u00fchren&#187;<br>11.9. &#171;Wertsch\u00e4tzung und Respekt als Basis f\u00fcr Gesundheit und Lebensqualit\u00e4t&#187;<br>16.10. &#171;Mein \/ unser Qualit\u00e4tsmanagement&#187;<br>13.11. &#171;Mein Gesch\u00e4ftsmodell an die neue Situation anpassen&#187;<\/p>\n\n\n\n<p><strong>Weitere Innovation-Lunches<\/strong>:<\/p>\n\n\n\n<p><strong>Donnerstag, 14. M\u00e4rz 2024<\/strong><br>Innovation-Lunch \u201eWir nutzen KI\/AI\/AR produktiv \u2013 bereits verf\u00fcgbare Tools und Aufgaben\u201c. 1200 \u2013 1300h. 60 Fr.; Mitglieder 30 Fr.<br><strong>Dienstag, 23. Juli 2024<\/strong><br>\u201eMit Einw\u00e4nden erfolgreich umgehen k\u00f6nnen\u201c<br><br><strong>Dienstag, 20. August 2024<\/strong><br>&#171;\u00dcberzeugend argumentieren&#187;&#187;<\/p>\n\n\n\n<p><strong>Dienstag, 30. Juli 2024<\/strong><br>&#171;Innovation-Lunch on the road&#187;: machen &#8211; bewegen &#8211; bewirken, Anmeldung erforderlich, Anzahl Teilnehmende beschr\u00e4nkt. Im Kreativ-Mekka Markthalle Altenrhein Hundertwasser.<\/p>\n\n\n\n<p><strong>31. M\u00e4rz 2024<\/strong><br>Einzahlungsfrist Aktivmitgliederbeitr\u00e4ge f\u00fcr 2024 \ud83d\ude42<\/p>\n\n\n\n<p><strong>After Work Ap\u00e9ro Treff<\/strong><br>Freitag, 2. August 2024, ab 17h in der Dieselbar des Landmaschinen Oldtimer Treffens Effingen. Mitglieder und Nichtmitglieder, Interessenten, keine Anmeldung.<\/p>\n\n\n\n<p><strong>Mini- 1 und 1\/2 Tag &#8211; Workshops<\/strong>  (Kleingruppen, praxis- und umsetzungsorientiert)<\/p>\n\n\n\n<p><strong>Donnerstag, 29. Februar 2024<\/strong><br>Praxis \u2013 Workshop \u201eWir machen ein Whitepaper von A-Z\u201c<br>Anmeldung erforderlich, 1 Tag 280 Fr.; Mitglieder 120 Fr. (max. 4 Teilnehmende)<\/p>\n\n\n\n<p><strong>Spezielle Weiterbildung<\/strong><br>Mittwoch, 21. August 2024 &#171;Innovation-Lunch-Moderator werden: Train-the-Trainer&#187;&nbsp; Praxisworkshop\/Weiterbildung; Teil 1: Dauer 4h, Anmeldung erforderlich. Datum Teil 2 nach Absprache der Teilnehmenden.<br>Dienstag, 29. Oktober 2024<br>Train-the-trainer-Workshop: &#171;Erfolgreich InnovationLunch&#8217;s durchf\u00fchren&#187;, Teil 1, Tessin.<\/p>\n\n\n\n<p><strong>Traditionelles, offenes Treffen<\/strong><br>am Wienachtsguezlim\u00e4rt in B\u00f6zen, S\u00f6hrenhof; Tisch mit &#171;GOF Tischkarte&#187; markiert. Gem\u00fctlicher Austausch und kennenlernen. F\u00fcr alle Mitglieder GOF und der Partnervereine &#8211; aber auch Nichtmitglieder,  Interessenten und Sympathiesanten zum austauschen und kennenlernen. Auch spontane Teilnahme.<br>Samstag, 07. Dezember 2024, 1600h &#8211; &#8230;<br>Samstag, 14. Dezember 2024, 1500h &#8211; &#8230;<\/p>\n\n\n\n<p><strong>Jahresend &#8211; Ap\u00e9ro<\/strong><br>Montag. 30. Dezember 2024; 17-18h (Ort noch offen)<\/p>\n\n\n\n<p><br><strong>Ausblick 2025<\/strong><br><br><strong>Freitag, 10. Januar 2025<\/strong>:<br>After Work Treff: <strong>Das 6. Outdoor-R\u00f6mer-Neujahr-Fondue<\/strong> 18.00 Uhr; bei Waldhaus im Oberen Fricktal. F\u00fcr Vereins- und Partnervereinsmitglieder sowie interessierte Personen aus nah und fern. Aufwandsbeteiligung 60.- Fr. (Aktive Vereinsmitglieder: 30.- Fr.)<br>Anmeldung erforderlich.<\/p>\n\n\n\n<p><strong>Donnerstag, 6. Februar 2025<\/strong>:<br>Mitgliederversammlung; anschliessend 1700 &#8211; 1800h<strong> Fachvortrag<\/strong> zu aktuellem Thema mit Diskussion.<\/p>\n\n\n\n<p><\/p>\n\n\n\n<p>&#8212;&#8212;&#8212;&#8212;&#8212;&#8212;&#8212;&#8211;<\/p>\n\n\n\n<p><strong>2023<\/strong> <\/p>\n\n\n\n<ul class=\"wp-block-list\">\n<li>Freitag, 6. Januar 2023: <strong>Das 4. Outdoor R\u00f6mer Neujahr Fondue<\/strong> (Anmeldung n\u00f6tig bis 30.12.2022)<\/li>\n\n\n\n<li>Donnerstag, 9. Februar 2023 <strong>GV\/Mitgliederversammlung,<\/strong> 17.00h, nur f\u00fcr Aktivmitglieder, formell <\/li>\n\n\n\n<li>Donnerstag, 9. Februar 2023 17.00 &#8211; 18.00h <strong>Afterwork &#8211; Ap\u00e9ro,<\/strong> mit G\u00e4sten<\/li>\n\n\n\n<li><strong>Infomails \/ Newsletter<\/strong> nach Bedarf<\/li>\n\n\n\n<li><strong>Whatsapp Gruppe<\/strong> f\u00fcr Aktivmitglieder und Vorst\u00e4nde<\/li>\n\n\n\n<li><strong>Telegram Gruppe<\/strong> &#171;machen, bewirken, bewegen&#187; f\u00fcr Mitglieder und Interessenten, Partnervereine<\/li>\n\n\n\n<li><strong>Arbeitsgruppe:<\/strong> Kompetenzen und Fachkr\u00e4ftepool (ab M\u00e4rz 22)<\/li>\n\n\n\n<li><strong>Arbeitsgruppe:<\/strong> Neue Formen und Wege f\u00fcr &#171;Bewirker und Macher&#187; (ab Juli 22)<\/li>\n\n\n\n<li><strong>Offener Treffpunkt f\u00fcr Alle<\/strong> zum Kontakte kn\u00fcpfen und pflegen, netzwerken, besprechen, austauschen mit Ap\u00e9ro. Spontane Initiativen und Organisation. <\/li>\n\n\n\n<li><strong>ganzes Jahr: <\/strong>Stellungnahmen, Info verteilen, Mitgliederakquisition, Helpdesk, Fachkr\u00e4ftepool, Besuche Anl\u00e4sse etc.<\/li>\n<\/ul>\n\n\n\n<p><strong>After Work Ap\u00e9ro Treff (1):<\/strong> Freitag 3. M\u00e4rz 2023, ab 17h, Magma-Bar Schinznach-Bad, zum austauschen und kennenlernen (ohne Thema), Anmeldung bis 1. M\u00e4rz GOF Gesch\u00e4ftsstelle<\/p>\n\n\n\n<p><strong>After Work Ap\u00e9ro Treff (2):<\/strong> Freitag 24. M\u00e4rz 2023, ab 17h, Magma-Bar Schinznach-Bad, zum austauschen und kennenlernen (ohne Thema), Anmeldung bis 22. M\u00e4rz GOF Gesch\u00e4ftsstelle<\/p>\n\n\n\n<p><strong>After Work Ap\u00e9ro Treff (3):<\/strong> Freitag 28. April 2023, ab 17h, Magma-Bar Schinznach-Bad  , zum austauschen und kennenlernen (ohne Thema), Anmeldung bis 27. April GOF Gesch\u00e4ftsstelle<\/p>\n\n\n\n<p><strong>After Work Ap\u00e9ro Treff (4):<\/strong> Freitag 30. Juni 2023, ab 17h, Magma-Bar Schinznach-Bad, zum austauschen und kennenlernen (ohne Thema), Anmeldung bis 28. Juni GOF Gesch\u00e4ftsstelle<\/p>\n\n\n\n<p><strong>Mittwochtreffs \/ Richpoints \/ Workshops \/ Innovation-Lunch \/ Arbeitsgruppen \/ Weiterbildungen \/ etc.<\/strong><br>(j\u00e4hrlich 8 monatliche Mittwochstreffs: Richpoint, Vereinstag, Arbeitsgruppen, Aktivit\u00e4ten) <\/p>\n\n\n\n<ul class=\"wp-block-list\">\n<li>Mittwoch, 15. Februar 2023; 12.00 &#8211; 13h <strong>Innovation-Lunch<\/strong> &#171;Practice &#8211; bestehendes nutzen&#187;: Mitglieder 30.00 Fr.\/G\u00e4ste 50.00 Fr. (inkl. Lunch, ohne Getr\u00e4nke); Anmeldung erforderlich bis 13.2.<\/li>\n\n\n\n<li>Mittwoch, 15. M\u00e4rz 2023: 12.00 &#8211; 13h <strong>Innovation-Lunch<\/strong> &#171;Sicher verhandeln bei Preisunterschieden&#187; Mitglieder 30.00 Fr.\/G\u00e4ste 50.00 Fr. (inkl. Lunch, ohne Getr\u00e4nke); Anmeldung erforderlich bis 13.3.<\/li>\n\n\n\n<li>Mittwoch, 19. April 2023: <strong>Innovation-Lunch<\/strong> &#171;Mein Gesch\u00e4ftsmodell an die neue Situation anpassen&#187; Mitglieder 30.00 Fr.\/G\u00e4ste 50.00 Fr. (inkl. Lunch, ohne Getr\u00e4nke); Anmeldung erforderlich bis 17.4. \/\/ Mittwochstreff Richpoint\/Diskussionsthema: &#171;Selbstwertgef\u00fchl und Motivation in der 2. Lebensh\u00e4lfte&#187;<\/li>\n\n\n\n<li>Mittwoch, 24. Mai 2023: <strong>Innovation-Lunch<\/strong> &#171;Projektmanagement im Alltag&#187;<\/li>\n\n\n\n<li>Mittwoch, 14. Juni 2023; <strong>Innovation &#8211; Lunch<\/strong> Neue Gesch\u00e4ftsfelder erkennen und \u00f6ffnen. (Aktuelle, schnelle \u00c4nderungen im Umfeld, Markt, Trends.<\/li>\n\n\n\n<li>Mittwoch, 13. September 2023: <strong>Innovation-Lunch <\/strong>&#171;Wertsch\u00e4tzend komunizieren, handeln, f\u00fchren&#187;<\/li>\n\n\n\n<li>Mittwoch, 20. September 2023: Produktionsworkshop &#171;Wir machen ein Whitepaper von A-Z&#187;<\/li>\n\n\n\n<li>Mittwoch, 4. Oktober 2023:<strong> Innovation-Lunch<\/strong> &#171;Wir nutzen KI\/AI\/AR produktiv &#8211; bereits verf\u00fcgbare Tools und Aufgaben&#187;<\/li>\n\n\n\n<li>Mittwoch, 18. Oktober 2023: <strong>Innovation-Lunch<\/strong> &#171;Die M\u00f6glichkeiten eines Whitepaper nutzen&#187;<\/li>\n\n\n\n<li>Mittwoch, 15. November 2023: <strong>Innovation-Lunch<\/strong> &#171;Stressbew\u00e4ltigung im Alltag: Zeit haben k\u00f6nnen&#187;<\/li>\n<\/ul>\n\n\n\n<p><strong>Weitere Innovation-Lunches<\/strong><\/p>\n\n\n\n<ul class=\"wp-block-list\">\n<li>Dienstag, 21. M\u00e4rz 2023 Thema &#171;Zeit haben k\u00f6nnen&#187; (wurde bedarfsgem\u00e4ss spontan durchgef\u00fchrt)<\/li>\n\n\n\n<li>Mittwoch, 26. Juli 2023 Thema \u201eWir nutzen KI\/AI\/AR produktiv \u2013 bereits verf\u00fcgbare Tools und Aufgaben\u201c<\/li>\n\n\n\n<li>Mittwoch 25. Oktober 2023 Thema &#171;Kunden, Lieferanten, Partner, Projekte etc. qualifizieren&#187; (Methode Q1)<\/li>\n\n\n\n<li>(noch offen) Thema &#171;Bestehendes nutzen&#187;<\/li>\n<\/ul>\n\n\n\n<p><strong>Mini- und 1\/2 Tag &#8211; Workshops<\/strong>  (Kleingruppen, praxis- und umsetzungsorientiert)<\/p>\n\n\n\n<ul class=\"wp-block-list\">\n<li>Dienstag, 14. M\u00e4rz 2023 Thema: &#171;Sales Attack 2023&#187; &#8211; schnell zu guten Auftr\u00e4gen<br>Dauer 4 Stunden, CHF 50.00 Mitglieder\/Partner; CHF 100.00 Nichtmitglieder<br>Anmeldung erforderlich 2 Tage vorher; Ort und Beginn nach Absprache Teilnehmende<\/li>\n<\/ul>\n\n\n\n<ul class=\"wp-block-list\">\n<li>Dienstag, 21. M\u00e4rz 2023 Thema: &#171;Zeit haben k\u00f6nnen&#187;<br>Dauer 4 Stunden, CHF 50.00 Mitglieder\/Partner; CHF 100.00 Nichtmitglieder<br>Anmeldung erforderlich 2 Tage vorher; Ort und Beginn nach Absprache Teilnehmende<br><\/li>\n\n\n\n<li>Dienstag, 25. April 2023 Thema: &#171;Wertsch\u00e4tzend kommunizieren, handeln, f\u00fchren&#187;<br>Dauer 4 Stunden, CHF 50.00 Mitglieder\/Partner; CHF 100.00 Nichtmitglieder<br>Anmeldung erforderlich 2 Tage vorher; Ort und Beginn nach Absprache Teilnehmende<\/li>\n<\/ul>\n\n\n\n<p><strong>Anl\u00e4sse von Mitgliedern und Partnervereinen<\/strong><\/p>\n\n\n\n<ul class=\"wp-block-list\">\n<li>Donnerstag, 16. M\u00e4rz 2023: <a href=\"https:\/\/innofutura.ch\" target=\"_blank\" rel=\"noreferrer noopener\">innoFutura Medien<\/a> l\u00e4dt ein zum Info-Ap\u00e9ro 16-18h<br>&#171;Autor werden? Was bringts? Was kostets? Wie gehts?&#187;<br><\/li>\n<\/ul>\n\n\n\n<p><strong>Weitere Anl\u00e4sse, Treffpunkte<\/strong><\/p>\n\n\n\n<ul class=\"wp-block-list\">\n<li>Samstag, 16. September 2023: Rundfahrt von 10.00 &#8211; 12.00 Uhr bei der Laufenburg-Schifffahrt.de (Individuelle Anmeldung und Teilnahme)<\/li>\n\n\n\n<li>Samstag, 9. Dezember 2023, 14.00h: Besuch und Treff am Wienachtsguezlim\u00e4rt Oberes Fricktal (reservierter Tisch)<\/li>\n<\/ul>\n\n\n\n<p><strong>Jahresend &#8211; Ap\u00e9ro Freitag 29. Dezember 2023<\/strong>; 17-18h (Ort noch offen)<\/p>\n\n\n\n<p><br><strong>Ausblick 2024<\/strong><br>(in Planung)<\/p>\n\n\n\n<p><strong>Bereits festgelegt:<\/strong><\/p>\n\n\n\n<p><strong>Freitag, 5. Januar 2024<\/strong>:<br>After Work Treff: <strong>Das 5. Outdoor-R\u00f6mer-Neujahr-Fondue<\/strong> 18.00 Uhr; bei Waldhaus im Oberen Fricktal.<br>f\u00fcr Vereins- und Partnervereinsmitglieder sowie interessierte Personen aus nah und fern. Aufwandsbeteiligung 60.- Fr. (Aktive Vereinsmitglieder: 30.- Fr.)<br>Anmeldung erforderlich.<\/p>\n\n\n\n<p><strong>Donnerstag, 8. Februar 2024<\/strong>:<br>Mitgliederversammlung; anschliessend<strong> Fachvortrag<\/strong> zu aktuellem Thema mit Diskussion<\/p>\n\n\n\n<p>&#8212;&#8212;&#8212;&#8212;&#8212;&#8212;&#8212;&#8212;&#8212;&#8212;&#8212;&#8212;&#8212;&#8212;&#8212;&#8212;&#8212;&#8212;&#8212;&#8212;&#8212;&#8212;&#8212;&#8212;&#8212;&#8212;&#8212;&#8212;&#8212;&#8212;&#8212;&#8212;&#8212;&#8212;&#8212;&#8212;&#8212;<\/p>\n\n\n\n<p><strong>2022 <\/strong>(Archiv, Stand 31.12.2022) <\/p>\n\n\n\n<ul class=\"wp-block-list\">\n<li><strong>Freitag, 7. Januar 2022: After Work Treff: Das 3. Outdoor R\u00f6mer Neujahr Fondue 18.00 Uhr (ABGESAGT)<\/strong><\/li>\n\n\n\n<li><strong>Donnerstag, 10. Februar 2022 GV\/Mitgliederversammlung, 17.00h, nur f\u00fcr Aktivmitglieder (virtuell)<\/strong><\/li>\n\n\n\n<li><strong>Donnerstag, 10. Februar 2022 17.00 &#8211; 18.00h Afterwork &#8211; Ap\u00e9ro, mit G\u00e4sten<\/strong><br><strong>Mitgliederakquisition<\/strong> wie 2021<\/li>\n\n\n\n<li><strong>Infomails \/ Newsletter<\/strong> nach Bedarf<\/li>\n\n\n\n<li><strong>Whatsapp Gruppe<\/strong> f\u00fcr Aktivmitglieder und Vorst\u00e4nde<\/li>\n\n\n\n<li><strong>Arbeitsgruppe:<\/strong> Kompetenzen und Fachkr\u00e4ftepool (ab M\u00e4rz 22)<\/li>\n\n\n\n<li><strong>Arbeitsgruppe:<\/strong> Neue Formen und Wege f\u00fcr &#171;Bewirker und Macher&#187; (ab Juli 22)<\/li>\n\n\n\n<li><strong>Offener Treffpunkt f\u00fcr Alle<\/strong> zum Kontakte kn\u00fcpfen und pflegen, netzwerken, besprechen, austauschen mit Ap\u00e9ro. Spontane Initiativen und Organisation. <\/li>\n\n\n\n<li><strong>ganzes Jahr: <\/strong>Stellungnahmen, Info verteilen, Mitgliederakquisition, Helpdesk, Fachkr\u00e4ftepool, Besuche Anl\u00e4sse etc.<\/li>\n\n\n\n<li><strong>Mittwochtreffs \/ Richpoints \/ Workshops \/ Innovation-Lunch \/ Arbeitsgruppen \/ Weiterbildungen \/ etc.<\/strong><br>19.1. &#171;Massnahmen Elektro- und Datensicherheit&#187; und Ausblick 2022+<br>16.2. &#171;Neue Vertriebswege 2022&#187;; Praxisworkshop &#171;Wir machen ein Whitepaper&#187;; Info Ap\u00e9ro &#171;Autor werden&#187;<br>16.3. &#171;Neue Vertriebswege 2022 ff&#187;: Umsetzung einer Shop Community <br>20.4. &#171;Instrument Qualit\u00e4tsmanagement QM&#187; und &#171;Neue Gesch\u00e4ftsmodelle&#187;<br>18.5. &#171;Akquisition, Auftr\u00e4ge, Marketing&#187;<br>15.6. &#171;Mein Gesch\u00e4ftsmodell an die neue Situation anpassen&#187;<br>14.9. &#171;e-Meeting\/Webcast organisieren und durchf\u00fchren&#187;<br>19.10. &#171;Neue T\u00e4tigkeiten, Berufe und M\u00e4rkte: Engagement 1.0&#187; &#8211; Richpoint mit Blick in die Zukunft<br>16.11. &#171;Neue Formen und Wege f\u00fcr \u201eBewirker und Macher\u201c (Arbeitsgruppe, Vereine), Praxisworkshop mit Lunch zusammen mit F\u00f6rderverein \u00dcberbetriebliche Zusammenarbeit organisiert, mit Kommunikation+Planung 2023<br>16.11. Premi\u00e9re in CH: Durchf\u00fchrung 1. TRANSFER-TANK 14-15h &#171;Kommunikatiom + Planung 2023&#187;<\/li>\n\n\n\n<li><strong>Innovation &#8211; &#171;Zn\u00fcni&#187; Break <\/strong>09.00-10.00h<br>25.8.2022: &#171;Meine Karriere Entwicklung im aktuellen Umfeld&#187; Mini-Workshop, mit Umsetzungsblatt <\/li>\n\n\n\n<li><strong>Praxisworkshop + Lunch &#171;Zeit haben k\u00f6nnen&#187;<\/strong>, Mittwoch 12. Oktober 2022, 12-15h (Koop. mit F\u00dcZ)<\/li>\n\n\n\n<li><strong>Innovation &#8211; Lunch&#8217;s<\/strong> mit Nano-Workshop: jeweils nach Bedarf<\/li>\n\n\n\n<li><strong>Mikro-, Miniworkshops, <\/strong>Workshops: diverse, individuelle Themen. Liste Aufz\u00e4hlung Seite Info-Center <\/li>\n\n\n\n<li><strong>Weihnachtsguezli &#8211; Treff<\/strong> (1), Samstag, 10. Dezember 2022, S\u00f6hrenhof 15-16h, reservierter Tisch<\/li>\n\n\n\n<li><strong>Weihnachtsguezli &#8211; Treff<\/strong> (2), Samstag, 17. Dezember 2022, S\u00f6hrenhof 15-16h, reservierter Tisch<\/li>\n\n\n\n<li><strong>Jahresend &#8211; Ap\u00e9ro mit Betriebsbesichtigung <\/strong>30. Dezember 2022, 17-18h, in Gastrobetrieb mit Degustation<\/li>\n<\/ul>\n\n\n\n<p><\/p>\n\n\n\n<p>&#8212;&#8212;&#8212;&#8212;&#8212;&#8212;&#8212;&#8212;&#8212;&#8212;&#8212;&#8212;&#8212;&#8212;&#8212;&#8212;&#8212;&#8212;&#8212;&#8212;&#8212;&#8212;&#8212;&#8212;&#8212;&#8212;&#8212;&#8212;&#8212;&#8212;&#8212;&#8212;&#8212;&#8212;&#8212;&#8212;&#8212;&#8211;<\/p>\n\n\n\n<p><strong>2021 <\/strong>(Archiv, Stand 31.12.2021)<\/p>\n\n\n\n<ul class=\"wp-block-list\">\n<li><strong>Freitag, 8. Januar 2021: After Work Treff: Das 2. Outdoor R\u00f6mer Neujahr Fondue<\/strong> 18.00 Uhr (Waldhaus Hornussen, maximal 10 Teilnehmende gem\u00e4ss Staatsvorgaben) Anmeldung erforderlich. CHF 20 f\u00fcr Aktivmitglieder (ebenso kooperierende Vereine); G\u00e4ste CHF 30. Angaben\/Info: siehe Aussschreibung 2020.<\/li>\n\n\n\n<li><strong>Freitag, 29. Januar 2021: Mini-Workshop<\/strong><br>&#171;e-Meeting organisieren&#187;, 10.00 &#8211; 11.00 Uhr, bei Mitglied.<\/li>\n\n\n\n<li><strong>Freitag, 12. Februar 2021:<\/strong> 10.00 Uhr Arbeitsgruppen Austausch &#8211; Thema GOF neue Aktivit\u00e4ten\/Ausblicke\/Fachkr\u00e4ftepool 2021+  <\/li>\n\n\n\n<li><strong>Donnerstag, 18. Februar 2021<\/strong>:<strong> e-Mitgliederversammlung <\/strong> mit Treff 16.00 Uhr; Anmeldung erforderlich. Einladungen nur elektronisch per Mitglieder Infomail\/Homepage.<\/li>\n\n\n\n<li><strong>Mittwochtreffs \/ Richpoints \/ Workshops \/ Innovation-Lunch \/ Arbeitsgruppen \/ Weiterbildungen \/ etc.<\/strong><br><strong>17.3.<\/strong> \/ Umfrage, Trends, Ausblick, weitere Kooperationsm\u00f6glichkeiten, Schadensmeldung\/-bilanz staatliche Wirtschaftseinschr\u00e4nkungen, Stellungnahme Verwaltungserweiterungen.<br><strong>14.4.<\/strong> \/ M\u00f6glichkeiten KnowHow im Internet vermarkten, Innovationslunch<br><strong>12.5.<\/strong> \/ Ideenb\u00f6rse, PR Planung, und auch &#171;Kreativ Grill&#187;, siehe unten und Ausschreibung<br><strong>16.6.<\/strong> \/ &#171;Sichere Stromversorgung f\u00fcr PC\/Elektronik &#8211; \u00dcberblick und M\u00f6glichkeiten.&#187;<br><strong>11.8.<\/strong> \/ &#171;Akquisition und Marketing&#187;, Arbeitsgruppe &#171;PR&#187; &#8211; Info Austausch<br><strong>15.9.<\/strong> \/ Projekt und Impus: Versorgungssicherheit Energie und IT. Stand, weitere Aktivit\u00e4ten gefragt?<br><strong>13.10.<\/strong> \/ R\u00fcckblick &#8211; Ausblick: Ver\u00e4nderung und Konsequenzen \/ Korruption? <br>An Mittwochtreffs immer individuelles, auch kurzfristiges Programm nach aktuellem Bedarf und Interesse Mtglieder. <\/li>\n\n\n\n<li><strong>Montag, 3. Mai 2021<\/strong>, 13.30 &#8211; 18.00h, Workshop &#171;Akquisition Auftr\u00e4ge, Marketing&#187; (3 TN max.)<\/li>\n\n\n\n<li><strong>ganzes Jahr: <\/strong>Stellungnahmen, Info verteilen, Mitgliederakquisition, Helpdesk, Fachkr\u00e4ftepool, etc.<\/li>\n\n\n\n<li><strong>Mittwoch, 12. Mai 2021<\/strong>, 16.00 &#8211; 19.00h, KreativGrill 2021, auch G\u00e4ste\/Interessierte, Anmeldung erforderlich<\/li>\n\n\n\n<li><strong>Mittwoch, 16. Juni 2021<\/strong>, Innovation-Lunch 12.00-13.00h: &#171;Sichere Stromversorgung f\u00fcr PC\/Elektronik &#8211; \u00dcberblick und M\u00f6glichkeiten.&#187; Anmeldung bis 14.6.2021 erforderlich<\/li>\n\n\n\n<li><strong>Sonntag, 1. August 2021<\/strong>, spontaner Innovation-Lunch 12.00 &#8211; 13.00h virtuell, Thema: Massnahmen und L\u00f6sungen zur zunehmenden Benachteiligung und Ausgrenzung der Mikro-und Kleinstunternehmungen, Selbst\u00e4ndigen und Teilzeitjober\u2026&#187; (Anmeldung erforderlich f\u00fcr phys. Teilnahme)<\/li>\n\n\n\n<li><strong>Mittwoch, 11. August 2021<\/strong>, Innovation-Lunch 12.00 &#8211; 13.00h: Akquisition und Marketing (Anmeldung bis 6.8.2021)<\/li>\n\n\n\n<li><strong>Dienstag, 12. Oktober 2021<\/strong>, spontaner After Work Ap\u00e9ro, ca. ab 16h, Eichwald Zeihen, P Schiessplatz <\/li>\n\n\n\n<li><strong>Mittwoch, 13. Oktober 2021<\/strong>, Innovation-Lunch 12.00 &#8211; 13.00h \u201eArbeit 4.0 \u2013 das Ende der Berufst\u00e4tigkeit?&#187; (Anmeldung bis 11.10.2021)<\/li>\n\n\n\n<li><strong>Donnerstag, 28. Oktober 2021,<\/strong> 18.00h, After Work Ap\u00e9ro mit Besichtigung &#171;Eisenbahnwelt&#187;, der regional gr\u00f6ssten Modellbahnlandschaft (Hightech) in B\u00f6zen, Anmeldung erforderlich <\/li>\n\n\n\n<li><strong>November<\/strong>, <strong>Innovation-Lunch <\/strong>outdoor mit Raclette; Thema noch offen<\/li>\n\n\n\n<li><strong>Samstag, 4. Dezember<\/strong> 1400h, <strong>Wienachtsguetzli &#8211; M\u00e4rt &#8211; Treff<\/strong> auf dem S\u00f6hrenhof, \u00f6ffentlich<\/li>\n\n\n\n<li><strong>Samstag, 11. Dezember<\/strong> 1400h, <strong>Wienachtsguetzli &#8211; M\u00e4rt &#8211; Treff<\/strong> auf dem S\u00f6hrenhof, \u00f6ffentlich<\/li>\n\n\n\n<li><strong>Samstag, 18 Dezember<\/strong> 1400h, <strong>Wienachtsguetzli &#8211; M\u00e4rt &#8211; Treff<\/strong> auf dem S\u00f6hrenhof, \u00f6ffentlich<\/li>\n\n\n\n<li><strong>Freitag, 31. Dezember 2021: 4. Jahresendap\u00e9ro 16.00h<\/strong><br>Durchf\u00fchrung bei Mitglied mit Betriebsbesichtigung.<\/li>\n<\/ul>\n\n\n\n<p><strong>Vorank\u00fcndigung\/Planung 2022<\/strong>; <br>-Freitag, 7. Januar 2022: After Work Treff: Das 3. Outdoor R\u00f6mer Neujahr Fondue 18.00 Uhr<br>-Donnerstag, 10. Februar 2022 GV\/Mitgliederversammlung, 17.00h, nur f\u00fcr Aktivmitglieder (virtuell)<br>-Donnerstag, 10. Februar 2022 17.00 &#8211; 18.00h Afterwork &#8211; Ap\u00e9ro, mit G\u00e4sten<br><\/p>\n\n\n\n<p><strong>Aktuelle Kontaktm\u00f6glichkeiten:<\/strong><br>Whatsapp-Gruppe (f\u00fcr Aktivmitglieder), Skype, Videokonferenz, via Homepage per on-line Chat, Tel.\/SMS\/Mail, Homepage-Mitgliederbereich f\u00fcr Aktivmitglieder. <br>Aktiv &#8211; Mitglieder erhalten pers\u00f6nliches Log-in f\u00fcr die interne Mitgliederseite nach Bezahlung des Mitgliederbeitrages.<\/p>\n\n\n\n<p>*<a rel=\"noreferrer noopener\" aria-label=\"Veranstaltungen (\u00f6ffnet in neuem Tab)\" href=\"https:\/\/gewerbeoberesfricktal.ch\/wp-content\/uploads\/2019\/01\/Veranstaltungsformen_GvOF_V2_01-01-19.pdf\" target=\"_blank\">Veranstaltungen<\/a> koordiniert, zusammen mit anderen <a rel=\"noreferrer noopener\" aria-label=\"Vereinen (\u00f6ffnet in neuem Tab)\" href=\"https:\/\/gewerbeoberesfricktal.ch\/wp-content\/uploads\/2018\/12\/Antwortblatt_Vereine__Sympathisanten-Interessenmitgliedschaft_A4_V2_20-12-18.pdf\" target=\"_blank\">Vereinen<\/a>: \u00dcberbetriebliche Zusammenarbeit, <a href=\"https:\/\/knsf.ch\" target=\"_blank\" rel=\"noreferrer noopener\" aria-label=\"IG Attraktiver Standort B\u00f6zberg-West (\u00f6ffnet in neuem Tab)\">IG Attraktiver Standort B\u00f6zberg-West<\/a> und <a rel=\"noreferrer noopener\" aria-label=\"B\u00f6zbergblog (\u00f6ffnet in neuem Tab)\" href=\"https:\/\/boezbergblog.ch\" target=\"_blank\">B\u00f6zbergblog<\/a>, <a href=\"https:\/\/regemo.jimdofree.com\" target=\"_blank\" rel=\"noreferrer noopener\" aria-label=\"ReGeMo Respekt+Wertsch\u00e4tzung (\u00f6ffnet in neuem Tab)\">ReGeMo Respekt+Wertsch\u00e4tzung<\/a>, <a href=\"http:\/\/smart-treff.ch\" target=\"_blank\" rel=\"noreferrer noopener\" aria-label=\"Smart-Treff (\u00f6ffnet in neuem Tab)\">Smart-Treff<\/a>, Tauschring <a href=\"https:\/\/foerdertaler.ch\" target=\"_blank\" rel=\"noreferrer noopener\" aria-label=\"F\u00f6rdertaler  (\u00f6ffnet in neuem Tab)\">F\u00f6rdertaler <\/a> <\/p>\n\n\n\n<p>&gt;&gt;&gt; <a href=\"mailto:info@gewerbeoberesfricktal.ch\" target=\"_blank\" rel=\"noreferrer noopener\" aria-label=\"Ausk\u00fcnfte, Info (\u00f6ffnet in neuem Tab)\">Ausk\u00fcnfte, Info<\/a><\/p>\n\n\n\n<p><\/p>\n\n\n\n<p><strong>2020<\/strong> (Archiv, Stand 31.12.2020)<\/p>\n\n\n\n<ul class=\"wp-block-list\">\n<li><strong>Freitag, 10. Januar 2020 <\/strong><br><strong>Outdoor &#171;R\u00f6mer-Fondue&#187;<\/strong> (Neujahrsfondue) 18h, siehe Impressionen<\/li>\n\n\n\n<li><strong>Donnerstag, 20. Februar 2020<\/strong><br><strong>e-Mitgliederversammlung und Info-Treff<\/strong><br>(siehe Traktanden etc, Link zur &#171;Mitgliederseite-intern&#187; wurde den Mitgliedern via Mail und Infomails zugestellt)<\/li>\n\n\n\n<li><strong>Mitgliederakquisition<\/strong> wie 2019<\/li>\n\n\n\n<li><strong>Infomails \/ Newsletter<\/strong> nach Bedarf<\/li>\n\n\n\n<li><strong>Whatsapp Gruppe<\/strong> f\u00fcr Aktivmitglieder und Vorst\u00e4nde<\/li>\n\n\n\n<li>31. M\u00e4rz: bis dann Mitgliederbeitr\u00e4ge einzahlen<\/li>\n\n\n\n<li><strong>Mittwoch, 29. April 2020:<\/strong> Teilnahme am Schweizer Gewerbekongress SGV in Fribourg<\/li>\n\n\n\n<li>Dienstag 12. Mai: Einladung erhalten f\u00fcr Teilnahme m\u00f6glich an Anlass Habsburg Besichtigung <\/li>\n\n\n\n<li><strong>Kreativ-Grill<\/strong> in Waldh\u00fctte mit Ausblick, in Vorbereitung<\/li>\n\n\n\n<li><strong>monatlicher Mittwochstreff<\/strong> mit Fr\u00fchst\u00fcck 0700h, <strong>Innovation &#8211; Breakfast<\/strong>, kombiniert mit Richpoint, Treff;<strong> <\/strong><br><strong>18.3.\/<\/strong> Verboten, abgesagt. Virtuell durchgef\u00fchrt, Richpoint<br><strong>22.4.\/<\/strong> Thema Erfahrungen, Impulse aus Wirtschaftseinbruch<br><strong>27.5.\/<\/strong> Thema Ereignisse von Mitgliedern und Umfeld. Chancen?<br><strong>17.6.\/<\/strong> Thema Tipps und Erfahrungen, Konsequenzen, Ausblick<br><strong>19.8.\/<\/strong> Thema: Tools und Organisation<br><strong>16.9.\/<\/strong> &#8230;<br><strong>21.10.\/ <\/strong>Kooperationen, Koordinationen, Konsortien, neue Wege<br>&gt;&gt;&gt; <a href=\"https:\/\/gewerbeoberesfricktal.ch\/index.php\/2020\/03\/04\/einladung-mittwoch-treff-breakfast-und-richpoint\/\">Einladung, Ausschreibung<\/a><\/li>\n\n\n\n<li><strong>Diverse Daten:<\/strong> Besichtigung Bohrung B\u00f6zberg\/Anlass mit Gemeinden. 16.\/24.\/30 September, 1.\/7. Oktober 1600h. &gt;&gt;&gt; <a href=\"https:\/\/gewerbeoberesfricktal.ch\/index.php\/2020\/06\/25\/bohrstellenbesichtigung-tiefbohrung-boezberg-der-nagra\/\">Ausschreibung<\/a><\/li>\n\n\n\n<li><strong>Freitag, 28. August 2020<\/strong>, 11.45\/12.00 <strong>Innovation-Lunch<\/strong>, outdoor, Erfa und L\u00f6sungsans\u00e4tze nach Lockdown<\/li>\n\n\n\n<li> <strong>29. Oktober 2020: Besuch und F\u00fchrung im Radiostudio SRF Regionalstudio AG-SO in Aarau<\/strong>; Beginn 16.30 Uhr, Beschr\u00e4nkte Teilnehmerzahl: Anmeldung erforderlich: &gt;&gt;&gt; <a aria-label=\"anmelden (\u00f6ffnet in neuem Tab)\" rel=\"noreferrer noopener\" href=\"https:\/\/gewerbeoberesfricktal.ch\/index.php\/2020\/03\/19\/so-kommen-nachrichten-ins-regionaljournal-ag-so\/\" target=\"_blank\">anmelden<\/a> (ABGESAGT von SRF)<\/li>\n\n\n\n<li><strong>Donnerstag 29. Oktober 2020:<\/strong> Innovation-Lunch, &#171;Wir machen ein Whitepaper&#187;.<\/li>\n\n\n\n<li>div. <strong>Innovation &#8211; Lunch<\/strong> zu verschiedenen Themen spontan\/nach Bedarf<\/li>\n\n\n\n<li><strong>Mittwoch 25. November 2020:<\/strong> Innovation-Lunch, &#171;Mein Gesch\u00e4ftsmodell an die neue Situation anpassen.&#187;<\/li>\n\n\n\n<li>neue Umfrage<\/li>\n\n\n\n<li>Offener Treffpunkt(e) f\u00fcr Alle zum Kontakte kn\u00fcpfen und pflegen, netzwerken, besprechen, austauschen mit Ap\u00e9ro. Analog 2019, <\/li>\n\n\n\n<li>div. <strong>After-Work Apero\/Betriebsbesichtigungen<\/strong> vorgesehen<\/li>\n\n\n\n<li><strong>Samstag, 12. Dezember<\/strong> ab 1400h, <strong>Wienachtsguetzli &#8211; M\u00e4rt &#8211; Treff<\/strong><\/li>\n\n\n\n<li><strong>Donnerstag, 31. Dezember<\/strong> ab 16.00 Uhr <strong>3.<\/strong> <strong>Jahresendap\u00e9ro<\/strong> bei FBM-gmbh.ch Frick, GastgeberInnen Sabrina + Marco Laube<\/li>\n\n\n\n<li>aktuelle Kontaktm\u00f6glichkeiten:<\/li>\n\n\n\n<li>Whatsapp-Gruppe (f\u00fcr Aktivmitglieder), Skype, Videokonferenz, via Homepage: on-line Chat <br> <\/li>\n<\/ul>\n\n\n\n<p><strong>2019<\/strong> (Archiv)<\/p>\n\n\n\n<ul class=\"wp-block-list\">\n<li>Donnerstag , 21. Februar: <strong>Mitgliederversammlung<\/strong> GOF Beginn 19h (nur f\u00fcr Aktivmitglieder)<\/li>\n\n\n\n<li>Dienstag, 26. Februar: <strong>Erlebnis-Vortrag<\/strong> Thema &#171;Aktiv Networken&#187; Abendanlass im Technopark Z\u00fcrich, Beginn 18.00h (\u00f6ffentlich)<\/li>\n\n\n\n<li>Diverse: &#171;<strong>After Work Visit<\/strong>&#187; Mit Betriebsbesichtigung in Planung. (Abgesagt August. Suche f\u00fcr Ersatz l\u00e4uft.)<\/li>\n\n\n\n<li>Diverse: Revival &#171;Gwerbezmorge&#187;* \u00fcberregional?<\/li>\n\n\n\n<li>Ostersonntag, 21. April: 14.30 <strong>Rundfahrt<\/strong>* <a href=\"http:\/\/www.fahrgastschifffahrt-laufenburg.de\/Angebote.html\" target=\"_blank\" rel=\"noreferrer noopener\">Fahrgastschifffahrt Laufenburg<\/a><\/li>\n\n\n\n<li>Samstag, 11. Mai: <strong>KreativGrill*<\/strong> in Waldh\u00fctte, ab 14.00h &#8211; ? Verpflegung vorhanden, Anmeldung, spontan + Auskunft direkt 079 354 94 49<\/li>\n\n\n\n<li>Auffahrt, 30. Mai, 18.00h, <strong>Erlebnis Schleusenfahrt*<\/strong> ab Laufenburg. Info und Anmeldung direkt bei <a href=\"http:\/\/www.fahrgastschifffahrt-laufenburg.de\/Angebote.html\" target=\"_blank\" rel=\"noreferrer noopener\">Fahrgastschifffahrt Laufenburg<\/a><\/li>\n\n\n\n<li>Montag, 17. Juni: <strong>Offener Treffpunkt (1) f\u00fcr Alle<\/strong> zum Kontakte kn\u00fcpfen und pflegen, netzwerken, besprechen, austauschen mit Ap\u00e9ro. Ab 18 Uhr am Aussichtspunkt Eichwald (Parkplatz Schiessplatz) in Zeihen.<\/li>\n\n\n\n<li>Donnerstag, 27. Juni: 18.00h <strong>Infoanlass*<\/strong> &#171;Ist Standortf\u00f6rderung ein Papiertiger?&#187; (verschoben, neues Datum folgt.)<\/li>\n\n\n\n<li>Freitag, 28. Juni 2019: Vorstands- und Arbeitsgruppenmeeting &#171;Zwischenbilanz&#187;, 09.00h bei Caf\u00e9 + Gwerbebr\u00f6tli<\/li>\n\n\n\n<li>Montag, 19. August: <strong>Offener Treffpunkt (2) f\u00fcr Alle<\/strong> zum Kontakte kn\u00fcpfen und pflegen, netzwerken, besprechen, austauschen mit Ap\u00e9ro. Ab 18 Uhr am Aussichtspunkt Eichwald (Parkplatz Schiessplatz) in Zeihen. (Durchgef\u00fchrt in Regen und Wolken..)<\/li>\n\n\n\n<li>Mittwoch, 11. September: <strong>Innovation Lunch<\/strong>, Thema &#171;\u00dcbersicht und Umsetzung Digitalisierung, e-Automation im Kleinstbetrieb&#187;, (mit Thema &#171;Startup Gesundheitsdienstleister&#187; durchgef\u00fchrt)<\/li>\n\n\n\n<li>Mittwoch, 18. September: <strong>Innovation Lunch<\/strong>, Thema &#171;Einf\u00fchrung ins Qualit\u00e4tsmanagement QM&#187;, 12.00h S\u00f6hrenhof mit Sandwichbuffet. (spontan mit anderem Anlass zusammengef\u00fchrt).<\/li>\n\n\n\n<li>Montag, 21. Oktober: <strong>Offener Treffpunkt (3) f\u00fcr Alle<\/strong> zum Kontakte kn\u00fcpfen und pflegen, netzwerken, besprechen, austauschen mit Ap\u00e9ro. Ab 18 Uhr am Aussichtspunkt Eichwald (Parkplatz Schiessplatz) in Zeihen. Ev. Degustation?<\/li>\n\n\n\n<li>Mittwoch, 23. Oktober: <strong>Innovation Lunch<\/strong> &#171;Digitalisierung 2.0: Show oder Chance?&#187; Restaurant R\u00f6ssli, Zeihen, 11.45h. &gt;&gt;&gt; <a href=\"https:\/\/gewerbeoberesfricktal.ch\/index.php\/2019\/09\/30\/innovation-lunch-thema-digitalisierung-2-0-show-oder-chance\/\">Ausschreibung<\/a><\/li>\n\n\n\n<li>Mittwoch, 6. November: <strong>Innovation Lunch<\/strong> &#171;Einf\u00fchrung Qualit\u00e4tsmanagement QM ist kein Papiertiger&#187; (S\u00f6hrenhof, Wiederholung vom 18.9.)<\/li>\n\n\n\n<li>Samstag, 14. Dezember: <strong>Wienachtsguezli &#8211; M\u00e4rt &#8211; TREFF*<\/strong> ab 14.00h auf dem S\u00f6hrenhof, B\u00f6zberg-West. reservierter Tisch.<\/li>\n\n\n\n<li>Freitag, 27. Dezember 2019, ab 16.00h: <strong>Jahresend &#8211; Ap\u00e9ro, After-work-Treff<\/strong> mit Betriebsbesichtigung FBM GmbH, Stieracker 20, 5070 Frick<\/li>\n\n\n\n<li>2020: Donnerstag, 20. Februar 2020, <strong>e-Mitgliederversammlung und Info-Treff<\/strong><\/li>\n<\/ul>\n\n\n\n<p><strong>2018 <\/strong>(Archiv)<\/p>\n\n\n\n<ul class=\"wp-block-list\">\n<li>in Planung: Informationsanlass zum Thema &#171;Tauschring F\u00f6rdertaler&#187; (alternative W\u00e4hrungen und Netzwerke)<\/li>\n\n\n\n<li>Freitag, 28. Dezember 2018, ab 16.00h: Jahresend &#8211; Ap\u00e9ro mit Betriebsbesichtigung bei <a href=\"https:\/\/fbm-gmbh.ch\/\" target=\"_blank\" rel=\"noreferrer noopener\">Freaktal Boxen und Metalle GmbH<\/a><\/li>\n\n\n\n<li>Samstag  , 15. Dezember 2018, 14.00 (Tisch reserviert): &#171;Guetzlitr\u00e4ff&#187; am Wienachtsguetzli-M\u00e4rt auf dem <a href=\"http:\/\/www.soehrenhof.ch\" target=\"_blank\" rel=\"noreferrer noopener\">S\u00f6hrenhof<\/a>, B\u00f6zberg-West<\/li>\n\n\n\n<li>Donnerstag, 13. Dezember 2018: <a href=\"https:\/\/gewerbeoberesfricktal.ch\/index.php\/2018\/10\/10\/informationsveranstaltung-mit-rechenzentrumbesichtigung-fuer-aktivmitglieder-gof\/\" target=\"_blank\" rel=\"noreferrer noopener\">Informationsveranstaltung<\/a> mit Rechenzentrumbesichtigung in Glattbrugg (nur f\u00fcr Aktivmitglieder)<\/li>\n\n\n\n<li>Dienstag, 13. November 2018: Erlebnis-Vortrag Thema &#171;Aktiv Networken&#187; Abendanlass im Technopark Z\u00fcrich<\/li>\n\n\n\n<li>Sonntag, 11. November 2018: 12.00 &#171;Metzgete&#187; Sonderfahrt <a href=\"http:\/\/www.fahrgastschifffahrt-laufenburg.de\/Angebote.html\" target=\"_blank\" rel=\"noreferrer noopener\">Fahrgastschifffahrt Laufenburg <\/a><\/li>\n\n\n\n<li>Samstag, 15. September: Start Umfrage auf der Homepage.<\/li>\n\n\n\n<li>Donnerstag, 6. September: <a href=\"https:\/\/gewerbeoberesfricktal.ch\/index.php\/2018\/07\/21\/innovation-lunch-thema-markt-marke-motivation\/\">Innovation &#8211; Lunch<\/a> &#171;Markt-Marke-Motivation&#187;<\/li>\n\n\n\n<li>Mittwoch, 13. Juni: <a href=\"https:\/\/gewerbeoberesfricktal.ch\/index.php\/2018\/06\/22\/after-work-visit-13-juni-2018-bei-kanalreinigung-naef\/\">After Work Visit<\/a> bei Kanalreinigung N\u00e4f<\/li>\n\n\n\n<li>Samstag, 12. Mai: KreativGrill in Waldh\u00fctte<\/li>\n\n\n\n<li>Donnerstag, 26. April: <a href=\"https:\/\/gewerbeoberesfricktal.ch\/index.php\/2018\/04\/27\/innovation-lunch-dsgvo\/\">Innovation &#8211; Lunch<\/a>: DSGVO im Besenbeizli<\/li>\n\n\n\n<li>Mittwoch, 18. April: Politik trifft Gewerbe (eingeladen, Laufenburg)<\/li>\n\n\n\n<li>April: Einweihung neues Vereinslogo und neue Homepage<\/li>\n\n\n\n<li>Freitag, 9. M\u00e4rz: Abgabefrist Vernehmlassung Ettappe 2 Tiefenlager (GOF hat mit Stellungnahme teilgenommen)<\/li>\n\n\n\n<li>Donnerstag, 22. Februar: Buffet und Generalversammlung GOF<\/li>\n\n\n\n<li>Januar: Personifizierte Mitglieder-Infomails<\/li>\n<\/ul>\n\n\n\n<p>&gt;&gt;&gt; <a rel=\"noreferrer noopener\" href=\"mailto:info@gewerbeoberesfricktal.ch\" target=\"_blank\">Ausk\u00fcnfte, Info<\/a><\/p>\n","protected":false},"excerpt":{"rendered":"<p>2024(Stand 01-12-24) Freitag, 5. Januar 2024:After Work Treff: Das 5. Outdoor-R\u00f6mer-Neujahr-Fondue 18.00 Uhr; bei Waldhaus im Oberen Fricktal. F\u00fcr Vereins- und Partnervereinsmitglieder sowie interessierte Personen aus nah und fern. Aufwandsbeteiligung 60.- Fr. (Aktive Vereinsmitglieder: 30.- Fr.)Anmeldung erforderlich. Donnerstag, 8. Februar&hellip; <\/p>\n","protected":false},"author":3,"featured_media":0,"comment_status":"closed","ping_status":"open","sticky":false,"template":"","format":"standard","meta":{"ngg_post_thumbnail":0,"footnotes":""},"categories":[23,20],"tags":[32],"class_list":["post-572","post","type-post","status-publish","format-standard","hentry","category-aktuell","category-anlaesse","tag-jahresprogramm"],"yoast_head":"<!-- This site is optimized with the Yoast SEO plugin v27.5 - https:\/\/yoast.com\/product\/yoast-seo-wordpress\/ -->\n<title>Jahresprogramm 2024 - Gewerbeverein Oberes Fricktal<\/title>\n<meta name=\"description\" content=\"Das aktuelle Jahresprogramm des Gewerbevereins Oberes Fricktal - f\u00fcr Macher, Bewirker und Beweger. Inkl. AfterworkTreff und InnovationLunches.\" \/>\n<meta name=\"robots\" content=\"index, follow, max-snippet:-1, max-image-preview:large, max-video-preview:-1\" \/>\n<link rel=\"canonical\" href=\"https:\/\/gewerbeoberesfricktal.ch\/index.php\/2024\/10\/25\/aktuelles-jahresprogramm\/\" \/>\n<meta property=\"og:locale\" content=\"de_DE\" \/>\n<meta property=\"og:type\" content=\"article\" \/>\n<meta property=\"og:title\" content=\"Jahresprogramm 2024 - Gewerbeverein Oberes Fricktal\" \/>\n<meta property=\"og:description\" content=\"Das aktuelle Jahresprogramm des Gewerbevereins Oberes Fricktal - f\u00fcr Macher, Bewirker und Beweger. Inkl. AfterworkTreff und InnovationLunches.\" \/>\n<meta property=\"og:url\" content=\"https:\/\/gewerbeoberesfricktal.ch\/index.php\/2024\/10\/25\/aktuelles-jahresprogramm\/\" \/>\n<meta property=\"og:site_name\" content=\"Gewerbeverein Oberes Fricktal\" \/>\n<meta property=\"article:publisher\" content=\"https:\/\/facebook.com\/gewerbe-oberes-fricktal\" \/>\n<meta property=\"article:published_time\" content=\"2024-10-25T07:16:00+00:00\" \/>\n<meta property=\"article:modified_time\" content=\"2025-02-01T14:36:51+00:00\" \/>\n<meta name=\"author\" content=\"Redaktor\" \/>\n<meta name=\"twitter:card\" content=\"summary_large_image\" \/>\n<meta name=\"twitter:label1\" content=\"Geschrieben von\" \/>\n\t<meta name=\"twitter:data1\" content=\"Redaktor\" \/>\n<script type=\"application\/ld+json\" class=\"yoast-schema-graph\">{\"@context\":\"https:\\\/\\\/schema.org\",\"@graph\":[{\"@type\":\"Article\",\"@id\":\"https:\\\/\\\/gewerbeoberesfricktal.ch\\\/index.php\\\/2024\\\/10\\\/25\\\/aktuelles-jahresprogramm\\\/#article\",\"isPartOf\":{\"@id\":\"https:\\\/\\\/gewerbeoberesfricktal.ch\\\/index.php\\\/2024\\\/10\\\/25\\\/aktuelles-jahresprogramm\\\/\"},\"author\":{\"name\":\"Redaktor\",\"@id\":\"https:\\\/\\\/gewerbeoberesfricktal.ch\\\/#\\\/schema\\\/person\\\/065a04cebb6078f5f0443e68802838b7\"},\"headline\":\"Jahresprogramm 2024\",\"datePublished\":\"2024-10-25T07:16:00+00:00\",\"dateModified\":\"2025-02-01T14:36:51+00:00\",\"mainEntityOfPage\":{\"@id\":\"https:\\\/\\\/gewerbeoberesfricktal.ch\\\/index.php\\\/2024\\\/10\\\/25\\\/aktuelles-jahresprogramm\\\/\"},\"wordCount\":2499,\"publisher\":{\"@id\":\"https:\\\/\\\/gewerbeoberesfricktal.ch\\\/#organization\"},\"keywords\":[\"Jahresprogramm\"],\"articleSection\":[\"Aktuell\",\"Anl\u00e4sse\"],\"inLanguage\":\"de-CH\"},{\"@type\":\"WebPage\",\"@id\":\"https:\\\/\\\/gewerbeoberesfricktal.ch\\\/index.php\\\/2024\\\/10\\\/25\\\/aktuelles-jahresprogramm\\\/\",\"url\":\"https:\\\/\\\/gewerbeoberesfricktal.ch\\\/index.php\\\/2024\\\/10\\\/25\\\/aktuelles-jahresprogramm\\\/\",\"name\":\"Jahresprogramm 2024 - Gewerbeverein Oberes Fricktal\",\"isPartOf\":{\"@id\":\"https:\\\/\\\/gewerbeoberesfricktal.ch\\\/#website\"},\"datePublished\":\"2024-10-25T07:16:00+00:00\",\"dateModified\":\"2025-02-01T14:36:51+00:00\",\"description\":\"Das aktuelle Jahresprogramm des Gewerbevereins Oberes Fricktal - f\u00fcr Macher, Bewirker und Beweger. Inkl. AfterworkTreff und InnovationLunches.\",\"breadcrumb\":{\"@id\":\"https:\\\/\\\/gewerbeoberesfricktal.ch\\\/index.php\\\/2024\\\/10\\\/25\\\/aktuelles-jahresprogramm\\\/#breadcrumb\"},\"inLanguage\":\"de-CH\",\"potentialAction\":[{\"@type\":\"ReadAction\",\"target\":[\"https:\\\/\\\/gewerbeoberesfricktal.ch\\\/index.php\\\/2024\\\/10\\\/25\\\/aktuelles-jahresprogramm\\\/\"]}]},{\"@type\":\"BreadcrumbList\",\"@id\":\"https:\\\/\\\/gewerbeoberesfricktal.ch\\\/index.php\\\/2024\\\/10\\\/25\\\/aktuelles-jahresprogramm\\\/#breadcrumb\",\"itemListElement\":[{\"@type\":\"ListItem\",\"position\":1,\"name\":\"Startseite\",\"item\":\"https:\\\/\\\/gewerbeoberesfricktal.ch\\\/\"},{\"@type\":\"ListItem\",\"position\":2,\"name\":\"Jahresprogramm 2024\"}]},{\"@type\":\"WebSite\",\"@id\":\"https:\\\/\\\/gewerbeoberesfricktal.ch\\\/#website\",\"url\":\"https:\\\/\\\/gewerbeoberesfricktal.ch\\\/\",\"name\":\"Gewerbeverein Oberes Fricktal\",\"description\":\"Ein starkes Gewerbe braucht die Region.\",\"publisher\":{\"@id\":\"https:\\\/\\\/gewerbeoberesfricktal.ch\\\/#organization\"},\"potentialAction\":[{\"@type\":\"SearchAction\",\"target\":{\"@type\":\"EntryPoint\",\"urlTemplate\":\"https:\\\/\\\/gewerbeoberesfricktal.ch\\\/?s={search_term_string}\"},\"query-input\":{\"@type\":\"PropertyValueSpecification\",\"valueRequired\":true,\"valueName\":\"search_term_string\"}}],\"inLanguage\":\"de-CH\"},{\"@type\":\"Organization\",\"@id\":\"https:\\\/\\\/gewerbeoberesfricktal.ch\\\/#organization\",\"name\":\"Gewerbeverein Oberes Fricktal\",\"url\":\"https:\\\/\\\/gewerbeoberesfricktal.ch\\\/\",\"logo\":{\"@type\":\"ImageObject\",\"inLanguage\":\"de-CH\",\"@id\":\"https:\\\/\\\/gewerbeoberesfricktal.ch\\\/#\\\/schema\\\/logo\\\/image\\\/\",\"url\":\"https:\\\/\\\/gewerbeoberesfricktal.ch\\\/wp-content\\\/uploads\\\/2018\\\/04\\\/GOF_Wortmarke-DEF_positiv-gruen-anthrazit_ausschnitt.jpg\",\"contentUrl\":\"https:\\\/\\\/gewerbeoberesfricktal.ch\\\/wp-content\\\/uploads\\\/2018\\\/04\\\/GOF_Wortmarke-DEF_positiv-gruen-anthrazit_ausschnitt.jpg\",\"width\":1214,\"height\":498,\"caption\":\"Gewerbeverein Oberes Fricktal\"},\"image\":{\"@id\":\"https:\\\/\\\/gewerbeoberesfricktal.ch\\\/#\\\/schema\\\/logo\\\/image\\\/\"},\"sameAs\":[\"https:\\\/\\\/facebook.com\\\/gewerbe-oberes-fricktal\"]},{\"@type\":\"Person\",\"@id\":\"https:\\\/\\\/gewerbeoberesfricktal.ch\\\/#\\\/schema\\\/person\\\/065a04cebb6078f5f0443e68802838b7\",\"name\":\"Redaktor\",\"image\":{\"@type\":\"ImageObject\",\"inLanguage\":\"de-CH\",\"@id\":\"https:\\\/\\\/secure.gravatar.com\\\/avatar\\\/c2995a6f233d619b75b2815d6a745127b088c106d6c48a09097bbd21f69d37f9?s=96&d=mm&r=g\",\"url\":\"https:\\\/\\\/secure.gravatar.com\\\/avatar\\\/c2995a6f233d619b75b2815d6a745127b088c106d6c48a09097bbd21f69d37f9?s=96&d=mm&r=g\",\"contentUrl\":\"https:\\\/\\\/secure.gravatar.com\\\/avatar\\\/c2995a6f233d619b75b2815d6a745127b088c106d6c48a09097bbd21f69d37f9?s=96&d=mm&r=g\",\"caption\":\"Redaktor\"},\"url\":\"https:\\\/\\\/gewerbeoberesfricktal.ch\\\/index.php\\\/author\\\/redaktor\\\/\"}]}<\/script>\n<!-- \/ Yoast SEO plugin. -->","yoast_head_json":{"title":"Jahresprogramm 2024 - Gewerbeverein Oberes Fricktal","description":"Das aktuelle Jahresprogramm des Gewerbevereins Oberes Fricktal - f\u00fcr Macher, Bewirker und Beweger. Inkl. AfterworkTreff und InnovationLunches.","robots":{"index":"index","follow":"follow","max-snippet":"max-snippet:-1","max-image-preview":"max-image-preview:large","max-video-preview":"max-video-preview:-1"},"canonical":"https:\/\/gewerbeoberesfricktal.ch\/index.php\/2024\/10\/25\/aktuelles-jahresprogramm\/","og_locale":"de_DE","og_type":"article","og_title":"Jahresprogramm 2024 - Gewerbeverein Oberes Fricktal","og_description":"Das aktuelle Jahresprogramm des Gewerbevereins Oberes Fricktal - f\u00fcr Macher, Bewirker und Beweger. Inkl. AfterworkTreff und InnovationLunches.","og_url":"https:\/\/gewerbeoberesfricktal.ch\/index.php\/2024\/10\/25\/aktuelles-jahresprogramm\/","og_site_name":"Gewerbeverein Oberes Fricktal","article_publisher":"https:\/\/facebook.com\/gewerbe-oberes-fricktal","article_published_time":"2024-10-25T07:16:00+00:00","article_modified_time":"2025-02-01T14:36:51+00:00","author":"Redaktor","twitter_card":"summary_large_image","twitter_misc":{"Geschrieben von":"Redaktor"},"schema":{"@context":"https:\/\/schema.org","@graph":[{"@type":"Article","@id":"https:\/\/gewerbeoberesfricktal.ch\/index.php\/2024\/10\/25\/aktuelles-jahresprogramm\/#article","isPartOf":{"@id":"https:\/\/gewerbeoberesfricktal.ch\/index.php\/2024\/10\/25\/aktuelles-jahresprogramm\/"},"author":{"name":"Redaktor","@id":"https:\/\/gewerbeoberesfricktal.ch\/#\/schema\/person\/065a04cebb6078f5f0443e68802838b7"},"headline":"Jahresprogramm 2024","datePublished":"2024-10-25T07:16:00+00:00","dateModified":"2025-02-01T14:36:51+00:00","mainEntityOfPage":{"@id":"https:\/\/gewerbeoberesfricktal.ch\/index.php\/2024\/10\/25\/aktuelles-jahresprogramm\/"},"wordCount":2499,"publisher":{"@id":"https:\/\/gewerbeoberesfricktal.ch\/#organization"},"keywords":["Jahresprogramm"],"articleSection":["Aktuell","Anl\u00e4sse"],"inLanguage":"de-CH"},{"@type":"WebPage","@id":"https:\/\/gewerbeoberesfricktal.ch\/index.php\/2024\/10\/25\/aktuelles-jahresprogramm\/","url":"https:\/\/gewerbeoberesfricktal.ch\/index.php\/2024\/10\/25\/aktuelles-jahresprogramm\/","name":"Jahresprogramm 2024 - Gewerbeverein Oberes Fricktal","isPartOf":{"@id":"https:\/\/gewerbeoberesfricktal.ch\/#website"},"datePublished":"2024-10-25T07:16:00+00:00","dateModified":"2025-02-01T14:36:51+00:00","description":"Das aktuelle Jahresprogramm des Gewerbevereins Oberes Fricktal - f\u00fcr Macher, Bewirker und Beweger. Inkl. AfterworkTreff und InnovationLunches.","breadcrumb":{"@id":"https:\/\/gewerbeoberesfricktal.ch\/index.php\/2024\/10\/25\/aktuelles-jahresprogramm\/#breadcrumb"},"inLanguage":"de-CH","potentialAction":[{"@type":"ReadAction","target":["https:\/\/gewerbeoberesfricktal.ch\/index.php\/2024\/10\/25\/aktuelles-jahresprogramm\/"]}]},{"@type":"BreadcrumbList","@id":"https:\/\/gewerbeoberesfricktal.ch\/index.php\/2024\/10\/25\/aktuelles-jahresprogramm\/#breadcrumb","itemListElement":[{"@type":"ListItem","position":1,"name":"Startseite","item":"https:\/\/gewerbeoberesfricktal.ch\/"},{"@type":"ListItem","position":2,"name":"Jahresprogramm 2024"}]},{"@type":"WebSite","@id":"https:\/\/gewerbeoberesfricktal.ch\/#website","url":"https:\/\/gewerbeoberesfricktal.ch\/","name":"Gewerbeverein Oberes Fricktal","description":"Ein starkes Gewerbe braucht die Region.","publisher":{"@id":"https:\/\/gewerbeoberesfricktal.ch\/#organization"},"potentialAction":[{"@type":"SearchAction","target":{"@type":"EntryPoint","urlTemplate":"https:\/\/gewerbeoberesfricktal.ch\/?s={search_term_string}"},"query-input":{"@type":"PropertyValueSpecification","valueRequired":true,"valueName":"search_term_string"}}],"inLanguage":"de-CH"},{"@type":"Organization","@id":"https:\/\/gewerbeoberesfricktal.ch\/#organization","name":"Gewerbeverein Oberes Fricktal","url":"https:\/\/gewerbeoberesfricktal.ch\/","logo":{"@type":"ImageObject","inLanguage":"de-CH","@id":"https:\/\/gewerbeoberesfricktal.ch\/#\/schema\/logo\/image\/","url":"https:\/\/gewerbeoberesfricktal.ch\/wp-content\/uploads\/2018\/04\/GOF_Wortmarke-DEF_positiv-gruen-anthrazit_ausschnitt.jpg","contentUrl":"https:\/\/gewerbeoberesfricktal.ch\/wp-content\/uploads\/2018\/04\/GOF_Wortmarke-DEF_positiv-gruen-anthrazit_ausschnitt.jpg","width":1214,"height":498,"caption":"Gewerbeverein Oberes Fricktal"},"image":{"@id":"https:\/\/gewerbeoberesfricktal.ch\/#\/schema\/logo\/image\/"},"sameAs":["https:\/\/facebook.com\/gewerbe-oberes-fricktal"]},{"@type":"Person","@id":"https:\/\/gewerbeoberesfricktal.ch\/#\/schema\/person\/065a04cebb6078f5f0443e68802838b7","name":"Redaktor","image":{"@type":"ImageObject","inLanguage":"de-CH","@id":"https:\/\/secure.gravatar.com\/avatar\/c2995a6f233d619b75b2815d6a745127b088c106d6c48a09097bbd21f69d37f9?s=96&d=mm&r=g","url":"https:\/\/secure.gravatar.com\/avatar\/c2995a6f233d619b75b2815d6a745127b088c106d6c48a09097bbd21f69d37f9?s=96&d=mm&r=g","contentUrl":"https:\/\/secure.gravatar.com\/avatar\/c2995a6f233d619b75b2815d6a745127b088c106d6c48a09097bbd21f69d37f9?s=96&d=mm&r=g","caption":"Redaktor"},"url":"https:\/\/gewerbeoberesfricktal.ch\/index.php\/author\/redaktor\/"}]}},"_links":{"self":[{"href":"https:\/\/gewerbeoberesfricktal.ch\/index.php\/wp-json\/wp\/v2\/posts\/572","targetHints":{"allow":["GET"]}}],"collection":[{"href":"https:\/\/gewerbeoberesfricktal.ch\/index.php\/wp-json\/wp\/v2\/posts"}],"about":[{"href":"https:\/\/gewerbeoberesfricktal.ch\/index.php\/wp-json\/wp\/v2\/types\/post"}],"author":[{"embeddable":true,"href":"https:\/\/gewerbeoberesfricktal.ch\/index.php\/wp-json\/wp\/v2\/users\/3"}],"replies":[{"embeddable":true,"href":"https:\/\/gewerbeoberesfricktal.ch\/index.php\/wp-json\/wp\/v2\/comments?post=572"}],"version-history":[{"count":99,"href":"https:\/\/gewerbeoberesfricktal.ch\/index.php\/wp-json\/wp\/v2\/posts\/572\/revisions"}],"predecessor-version":[{"id":1872,"href":"https:\/\/gewerbeoberesfricktal.ch\/index.php\/wp-json\/wp\/v2\/posts\/572\/revisions\/1872"}],"wp:attachment":[{"href":"https:\/\/gewerbeoberesfricktal.ch\/index.php\/wp-json\/wp\/v2\/media?parent=572"}],"wp:term":[{"taxonomy":"category","embeddable":true,"href":"https:\/\/gewerbeoberesfricktal.ch\/index.php\/wp-json\/wp\/v2\/categories?post=572"},{"taxonomy":"post_tag","embeddable":true,"href":"https:\/\/gewerbeoberesfricktal.ch\/index.php\/wp-json\/wp\/v2\/tags?post=572"}],"curies":[{"name":"wp","href":"https:\/\/api.w.org\/{rel}","templated":true}]}}