{"id":636,"date":"2018-11-23T13:51:02","date_gmt":"2018-11-23T12:51:02","guid":{"rendered":"https:\/\/gewerbeoberesfricktal.ch\/?p=636"},"modified":"2021-01-04T12:35:10","modified_gmt":"2021-01-04T11:35:10","slug":"einladung-zum-jahresendtreff-mit-betriebsbesichtigung","status":"publish","type":"post","link":"https:\/\/gewerbeoberesfricktal.ch\/index.php\/2018\/11\/23\/einladung-zum-jahresendtreff-mit-betriebsbesichtigung\/","title":{"rendered":"Einladung zum Jahresendtreff mit Betriebsbesichtigung"},"content":{"rendered":"<p><strong>Einladung zum \u201eJahresendtreff\u201c<\/strong><\/p>\n<p>f\u00fcr Unternehmer, Gwerbler, Freelancer, Selbst\u00e4ndige etc., solche, die es werden wollen, die<br \/>\nMitglieder der einladenden Vereine sowie interessierte Personen als G\u00e4ste<\/p>\n<hr>\n<p><strong>Jahresend &#8211; Ap\u00e9ro mit Betriebsbesichtigung<\/strong><\/p>\n<p>Wir besuchen den Betrieb eines regionalen Kleinbetriebes, der als Dienstleister dieses Jahr gestartet<br \/>\nist. Eine gute Gelegenheit, sich auszutauschen und Neues kennenzulernen.<\/p>\n<p>Am Freitag, 28. Dezember 2018 ab 16.00 Uhr<br \/>\n&gt;&gt;&gt; <a href=\"https:\/\/fbm-gmbh.ch\/\" target=\"_blank\" rel=\"noopener noreferrer\">Freaktal Boxen und Metalle GmbH<\/a><\/p>\n<p>Veranstaltet gemeinsam mit:<br \/>\nVerein \u00dcberbetriebliche Zusammenarbeit  , IG Attraktiver Standort B\u00f6zberg-West, boezbergblog.ch<\/p>\n<p>Anmeldung per Mail, Tel, SMS w\u00e4re super. Spontanteilnahme aber auch&#8230;<\/p>\n<figure id=\"attachment_638\" aria-describedby=\"caption-attachment-638\" style=\"width: 300px\" class=\"wp-caption alignnone\"><img loading=\"lazy\" decoding=\"async\" class=\"wp-image-638 size-medium\" src=\"https:\/\/gewerbeoberesfricktal.ch\/wp-content\/uploads\/2018\/11\/IMAG6910_ausschnitt_1200-300x199.jpg\" alt=\"\" width=\"300\" height=\"199\" srcset=\"https:\/\/gewerbeoberesfricktal.ch\/wp-content\/uploads\/2018\/11\/IMAG6910_ausschnitt_1200-300x199.jpg 300w, https:\/\/gewerbeoberesfricktal.ch\/wp-content\/uploads\/2018\/11\/IMAG6910_ausschnitt_1200-768x508.jpg 768w, https:\/\/gewerbeoberesfricktal.ch\/wp-content\/uploads\/2018\/11\/IMAG6910_ausschnitt_1200-1024x678.jpg 1024w, https:\/\/gewerbeoberesfricktal.ch\/wp-content\/uploads\/2018\/11\/IMAG6910_ausschnitt_1200.jpg 1200w\" sizes=\"auto, (max-width: 300px) 100vw, 300px\" \/><figcaption id=\"caption-attachment-638\" class=\"wp-caption-text\">Freaktal Metall Boxen GmbH: Sabrina und Marco Laube  , Herznach.<\/figcaption><\/figure>\n","protected":false},"excerpt":{"rendered":"<p>Einladung zum \u201eJahresendtreff\u201c f\u00fcr Unternehmer, Gwerbler, Freelancer, Selbst\u00e4ndige etc., solche, die es werden wollen, die Mitglieder der einladenden Vereine sowie interessierte Personen als G\u00e4ste Jahresend &#8211; Ap\u00e9ro mit Betriebsbesichtigung Wir besuchen den Betrieb eines regionalen Kleinbetriebes, der als Dienstleister dieses&hellip; <\/p>\n","protected":false},"author":3,"featured_media":0,"comment_status":"closed","ping_status":"open","sticky":false,"template":"","format":"standard","meta":{"ngg_post_thumbnail":0,"footnotes":""},"categories":[20],"tags":[36,35],"class_list":["post-636","post","type-post","status-publish","format-standard","hentry","category-anlaesse","tag-apero","tag-betriebsbesichtigung"],"yoast_head":"<!-- This site is optimized with the Yoast SEO plugin v27.5 - https:\/\/yoast.com\/product\/yoast-seo-wordpress\/ -->\n<title>Einladung zum Jahresendtreff mit Betriebsbesichtigung - Gewerbeverein Oberes Fricktal<\/title>\n<meta name=\"description\" content=\"\u201eJahresendtreff\u201c f\u00fcr Unternehmer, Gwerbler, Freelancer, Selbst\u00e4ndige etc., solche, die es werden wollen, die Mitglieder der einladenden Vereine sowie interessierte Personen als G\u00e4ste\" \/>\n<meta name=\"robots\" content=\"index, follow, max-snippet:-1, max-image-preview:large, max-video-preview:-1\" \/>\n<link rel=\"canonical\" href=\"https:\/\/gewerbeoberesfricktal.ch\/index.php\/2018\/11\/23\/einladung-zum-jahresendtreff-mit-betriebsbesichtigung\/\" \/>\n<meta property=\"og:locale\" content=\"de_DE\" \/>\n<meta property=\"og:type\" content=\"article\" \/>\n<meta property=\"og:title\" content=\"Einladung zum Jahresendtreff mit Betriebsbesichtigung - Gewerbeverein Oberes Fricktal\" \/>\n<meta property=\"og:description\" content=\"\u201eJahresendtreff\u201c f\u00fcr Unternehmer, Gwerbler, Freelancer, Selbst\u00e4ndige etc., solche, die es werden wollen, die Mitglieder der einladenden Vereine sowie interessierte Personen als G\u00e4ste\" \/>\n<meta property=\"og:url\" content=\"https:\/\/gewerbeoberesfricktal.ch\/index.php\/2018\/11\/23\/einladung-zum-jahresendtreff-mit-betriebsbesichtigung\/\" \/>\n<meta property=\"og:site_name\" content=\"Gewerbeverein Oberes Fricktal\" \/>\n<meta property=\"article:publisher\" content=\"https:\/\/facebook.com\/gewerbe-oberes-fricktal\" \/>\n<meta property=\"article:published_time\" content=\"2018-11-23T12:51:02+00:00\" \/>\n<meta property=\"article:modified_time\" content=\"2021-01-04T11:35:10+00:00\" \/>\n<meta property=\"og:image\" content=\"https:\/\/gewerbeoberesfricktal.ch\/wp-content\/uploads\/2018\/11\/IMAG6910_ausschnitt_1200-300x199.jpg\" \/>\n<meta name=\"author\" content=\"Redaktor\" \/>\n<meta name=\"twitter:card\" content=\"summary_large_image\" \/>\n<meta name=\"twitter:label1\" content=\"Geschrieben von\" \/>\n\t<meta name=\"twitter:data1\" content=\"Redaktor\" \/>\n\t<meta name=\"twitter:label2\" content=\"Gesch\u00e4tzte Lesezeit\" \/>\n\t<meta name=\"twitter:data2\" content=\"1\u00a0Minute\" \/>\n<script type=\"application\/ld+json\" class=\"yoast-schema-graph\">{\"@context\":\"https:\\\/\\\/schema.org\",\"@graph\":[{\"@type\":\"Article\",\"@id\":\"https:\\\/\\\/gewerbeoberesfricktal.ch\\\/index.php\\\/2018\\\/11\\\/23\\\/einladung-zum-jahresendtreff-mit-betriebsbesichtigung\\\/#article\",\"isPartOf\":{\"@id\":\"https:\\\/\\\/gewerbeoberesfricktal.ch\\\/index.php\\\/2018\\\/11\\\/23\\\/einladung-zum-jahresendtreff-mit-betriebsbesichtigung\\\/\"},\"author\":{\"name\":\"Redaktor\",\"@id\":\"https:\\\/\\\/gewerbeoberesfricktal.ch\\\/#\\\/schema\\\/person\\\/065a04cebb6078f5f0443e68802838b7\"},\"headline\":\"Einladung zum Jahresendtreff mit Betriebsbesichtigung\",\"datePublished\":\"2018-11-23T12:51:02+00:00\",\"dateModified\":\"2021-01-04T11:35:10+00:00\",\"mainEntityOfPage\":{\"@id\":\"https:\\\/\\\/gewerbeoberesfricktal.ch\\\/index.php\\\/2018\\\/11\\\/23\\\/einladung-zum-jahresendtreff-mit-betriebsbesichtigung\\\/\"},\"wordCount\":113,\"publisher\":{\"@id\":\"https:\\\/\\\/gewerbeoberesfricktal.ch\\\/#organization\"},\"image\":{\"@id\":\"https:\\\/\\\/gewerbeoberesfricktal.ch\\\/index.php\\\/2018\\\/11\\\/23\\\/einladung-zum-jahresendtreff-mit-betriebsbesichtigung\\\/#primaryimage\"},\"thumbnailUrl\":\"https:\\\/\\\/gewerbeoberesfricktal.ch\\\/wp-content\\\/uploads\\\/2018\\\/11\\\/IMAG6910_ausschnitt_1200-300x199.jpg\",\"keywords\":[\"Apero\",\"Betriebsbesichtigung\"],\"articleSection\":[\"Anl\u00e4sse\"],\"inLanguage\":\"de-CH\"},{\"@type\":\"WebPage\",\"@id\":\"https:\\\/\\\/gewerbeoberesfricktal.ch\\\/index.php\\\/2018\\\/11\\\/23\\\/einladung-zum-jahresendtreff-mit-betriebsbesichtigung\\\/\",\"url\":\"https:\\\/\\\/gewerbeoberesfricktal.ch\\\/index.php\\\/2018\\\/11\\\/23\\\/einladung-zum-jahresendtreff-mit-betriebsbesichtigung\\\/\",\"name\":\"Einladung zum Jahresendtreff mit Betriebsbesichtigung - Gewerbeverein Oberes Fricktal\",\"isPartOf\":{\"@id\":\"https:\\\/\\\/gewerbeoberesfricktal.ch\\\/#website\"},\"primaryImageOfPage\":{\"@id\":\"https:\\\/\\\/gewerbeoberesfricktal.ch\\\/index.php\\\/2018\\\/11\\\/23\\\/einladung-zum-jahresendtreff-mit-betriebsbesichtigung\\\/#primaryimage\"},\"image\":{\"@id\":\"https:\\\/\\\/gewerbeoberesfricktal.ch\\\/index.php\\\/2018\\\/11\\\/23\\\/einladung-zum-jahresendtreff-mit-betriebsbesichtigung\\\/#primaryimage\"},\"thumbnailUrl\":\"https:\\\/\\\/gewerbeoberesfricktal.ch\\\/wp-content\\\/uploads\\\/2018\\\/11\\\/IMAG6910_ausschnitt_1200-300x199.jpg\",\"datePublished\":\"2018-11-23T12:51:02+00:00\",\"dateModified\":\"2021-01-04T11:35:10+00:00\",\"description\":\"\u201eJahresendtreff\u201c f\u00fcr Unternehmer, Gwerbler, Freelancer, Selbst\u00e4ndige etc., solche, die es werden wollen, die Mitglieder der einladenden Vereine sowie interessierte Personen als G\u00e4ste\",\"breadcrumb\":{\"@id\":\"https:\\\/\\\/gewerbeoberesfricktal.ch\\\/index.php\\\/2018\\\/11\\\/23\\\/einladung-zum-jahresendtreff-mit-betriebsbesichtigung\\\/#breadcrumb\"},\"inLanguage\":\"de-CH\",\"potentialAction\":[{\"@type\":\"ReadAction\",\"target\":[\"https:\\\/\\\/gewerbeoberesfricktal.ch\\\/index.php\\\/2018\\\/11\\\/23\\\/einladung-zum-jahresendtreff-mit-betriebsbesichtigung\\\/\"]}]},{\"@type\":\"ImageObject\",\"inLanguage\":\"de-CH\",\"@id\":\"https:\\\/\\\/gewerbeoberesfricktal.ch\\\/index.php\\\/2018\\\/11\\\/23\\\/einladung-zum-jahresendtreff-mit-betriebsbesichtigung\\\/#primaryimage\",\"url\":\"https:\\\/\\\/gewerbeoberesfricktal.ch\\\/wp-content\\\/uploads\\\/2018\\\/11\\\/IMAG6910_ausschnitt_1200.jpg\",\"contentUrl\":\"https:\\\/\\\/gewerbeoberesfricktal.ch\\\/wp-content\\\/uploads\\\/2018\\\/11\\\/IMAG6910_ausschnitt_1200.jpg\",\"width\":1200,\"height\":794},{\"@type\":\"BreadcrumbList\",\"@id\":\"https:\\\/\\\/gewerbeoberesfricktal.ch\\\/index.php\\\/2018\\\/11\\\/23\\\/einladung-zum-jahresendtreff-mit-betriebsbesichtigung\\\/#breadcrumb\",\"itemListElement\":[{\"@type\":\"ListItem\",\"position\":1,\"name\":\"Startseite\",\"item\":\"https:\\\/\\\/gewerbeoberesfricktal.ch\\\/\"},{\"@type\":\"ListItem\",\"position\":2,\"name\":\"Einladung zum Jahresendtreff mit Betriebsbesichtigung\"}]},{\"@type\":\"WebSite\",\"@id\":\"https:\\\/\\\/gewerbeoberesfricktal.ch\\\/#website\",\"url\":\"https:\\\/\\\/gewerbeoberesfricktal.ch\\\/\",\"name\":\"Gewerbeverein Oberes Fricktal\",\"description\":\"Ein starkes Gewerbe braucht die Region.\",\"publisher\":{\"@id\":\"https:\\\/\\\/gewerbeoberesfricktal.ch\\\/#organization\"},\"potentialAction\":[{\"@type\":\"SearchAction\",\"target\":{\"@type\":\"EntryPoint\",\"urlTemplate\":\"https:\\\/\\\/gewerbeoberesfricktal.ch\\\/?s={search_term_string}\"},\"query-input\":{\"@type\":\"PropertyValueSpecification\",\"valueRequired\":true,\"valueName\":\"search_term_string\"}}],\"inLanguage\":\"de-CH\"},{\"@type\":\"Organization\",\"@id\":\"https:\\\/\\\/gewerbeoberesfricktal.ch\\\/#organization\",\"name\":\"Gewerbeverein Oberes Fricktal\",\"url\":\"https:\\\/\\\/gewerbeoberesfricktal.ch\\\/\",\"logo\":{\"@type\":\"ImageObject\",\"inLanguage\":\"de-CH\",\"@id\":\"https:\\\/\\\/gewerbeoberesfricktal.ch\\\/#\\\/schema\\\/logo\\\/image\\\/\",\"url\":\"https:\\\/\\\/gewerbeoberesfricktal.ch\\\/wp-content\\\/uploads\\\/2018\\\/04\\\/GOF_Wortmarke-DEF_positiv-gruen-anthrazit_ausschnitt.jpg\",\"contentUrl\":\"https:\\\/\\\/gewerbeoberesfricktal.ch\\\/wp-content\\\/uploads\\\/2018\\\/04\\\/GOF_Wortmarke-DEF_positiv-gruen-anthrazit_ausschnitt.jpg\",\"width\":1214,\"height\":498,\"caption\":\"Gewerbeverein Oberes Fricktal\"},\"image\":{\"@id\":\"https:\\\/\\\/gewerbeoberesfricktal.ch\\\/#\\\/schema\\\/logo\\\/image\\\/\"},\"sameAs\":[\"https:\\\/\\\/facebook.com\\\/gewerbe-oberes-fricktal\"]},{\"@type\":\"Person\",\"@id\":\"https:\\\/\\\/gewerbeoberesfricktal.ch\\\/#\\\/schema\\\/person\\\/065a04cebb6078f5f0443e68802838b7\",\"name\":\"Redaktor\",\"image\":{\"@type\":\"ImageObject\",\"inLanguage\":\"de-CH\",\"@id\":\"https:\\\/\\\/secure.gravatar.com\\\/avatar\\\/c2995a6f233d619b75b2815d6a745127b088c106d6c48a09097bbd21f69d37f9?s=96&d=mm&r=g\",\"url\":\"https:\\\/\\\/secure.gravatar.com\\\/avatar\\\/c2995a6f233d619b75b2815d6a745127b088c106d6c48a09097bbd21f69d37f9?s=96&d=mm&r=g\",\"contentUrl\":\"https:\\\/\\\/secure.gravatar.com\\\/avatar\\\/c2995a6f233d619b75b2815d6a745127b088c106d6c48a09097bbd21f69d37f9?s=96&d=mm&r=g\",\"caption\":\"Redaktor\"},\"url\":\"https:\\\/\\\/gewerbeoberesfricktal.ch\\\/index.php\\\/author\\\/redaktor\\\/\"}]}<\/script>\n<!-- \/ Yoast SEO plugin. -->","yoast_head_json":{"title":"Einladung zum Jahresendtreff mit Betriebsbesichtigung - Gewerbeverein Oberes Fricktal","description":"\u201eJahresendtreff\u201c f\u00fcr Unternehmer, Gwerbler, Freelancer, Selbst\u00e4ndige etc., solche, die es werden wollen, die Mitglieder der einladenden Vereine sowie interessierte Personen als G\u00e4ste","robots":{"index":"index","follow":"follow","max-snippet":"max-snippet:-1","max-image-preview":"max-image-preview:large","max-video-preview":"max-video-preview:-1"},"canonical":"https:\/\/gewerbeoberesfricktal.ch\/index.php\/2018\/11\/23\/einladung-zum-jahresendtreff-mit-betriebsbesichtigung\/","og_locale":"de_DE","og_type":"article","og_title":"Einladung zum Jahresendtreff mit Betriebsbesichtigung - Gewerbeverein Oberes Fricktal","og_description":"\u201eJahresendtreff\u201c f\u00fcr Unternehmer, Gwerbler, Freelancer, Selbst\u00e4ndige etc., solche, die es werden wollen, die Mitglieder der einladenden Vereine sowie interessierte Personen als G\u00e4ste","og_url":"https:\/\/gewerbeoberesfricktal.ch\/index.php\/2018\/11\/23\/einladung-zum-jahresendtreff-mit-betriebsbesichtigung\/","og_site_name":"Gewerbeverein Oberes Fricktal","article_publisher":"https:\/\/facebook.com\/gewerbe-oberes-fricktal","article_published_time":"2018-11-23T12:51:02+00:00","article_modified_time":"2021-01-04T11:35:10+00:00","og_image":[{"url":"https:\/\/gewerbeoberesfricktal.ch\/wp-content\/uploads\/2018\/11\/IMAG6910_ausschnitt_1200-300x199.jpg","type":"","width":"","height":""}],"author":"Redaktor","twitter_card":"summary_large_image","twitter_misc":{"Geschrieben von":"Redaktor","Gesch\u00e4tzte Lesezeit":"1\u00a0Minute"},"schema":{"@context":"https:\/\/schema.org","@graph":[{"@type":"Article","@id":"https:\/\/gewerbeoberesfricktal.ch\/index.php\/2018\/11\/23\/einladung-zum-jahresendtreff-mit-betriebsbesichtigung\/#article","isPartOf":{"@id":"https:\/\/gewerbeoberesfricktal.ch\/index.php\/2018\/11\/23\/einladung-zum-jahresendtreff-mit-betriebsbesichtigung\/"},"author":{"name":"Redaktor","@id":"https:\/\/gewerbeoberesfricktal.ch\/#\/schema\/person\/065a04cebb6078f5f0443e68802838b7"},"headline":"Einladung zum Jahresendtreff mit Betriebsbesichtigung","datePublished":"2018-11-23T12:51:02+00:00","dateModified":"2021-01-04T11:35:10+00:00","mainEntityOfPage":{"@id":"https:\/\/gewerbeoberesfricktal.ch\/index.php\/2018\/11\/23\/einladung-zum-jahresendtreff-mit-betriebsbesichtigung\/"},"wordCount":113,"publisher":{"@id":"https:\/\/gewerbeoberesfricktal.ch\/#organization"},"image":{"@id":"https:\/\/gewerbeoberesfricktal.ch\/index.php\/2018\/11\/23\/einladung-zum-jahresendtreff-mit-betriebsbesichtigung\/#primaryimage"},"thumbnailUrl":"https:\/\/gewerbeoberesfricktal.ch\/wp-content\/uploads\/2018\/11\/IMAG6910_ausschnitt_1200-300x199.jpg","keywords":["Apero","Betriebsbesichtigung"],"articleSection":["Anl\u00e4sse"],"inLanguage":"de-CH"},{"@type":"WebPage","@id":"https:\/\/gewerbeoberesfricktal.ch\/index.php\/2018\/11\/23\/einladung-zum-jahresendtreff-mit-betriebsbesichtigung\/","url":"https:\/\/gewerbeoberesfricktal.ch\/index.php\/2018\/11\/23\/einladung-zum-jahresendtreff-mit-betriebsbesichtigung\/","name":"Einladung zum Jahresendtreff mit Betriebsbesichtigung - Gewerbeverein Oberes Fricktal","isPartOf":{"@id":"https:\/\/gewerbeoberesfricktal.ch\/#website"},"primaryImageOfPage":{"@id":"https:\/\/gewerbeoberesfricktal.ch\/index.php\/2018\/11\/23\/einladung-zum-jahresendtreff-mit-betriebsbesichtigung\/#primaryimage"},"image":{"@id":"https:\/\/gewerbeoberesfricktal.ch\/index.php\/2018\/11\/23\/einladung-zum-jahresendtreff-mit-betriebsbesichtigung\/#primaryimage"},"thumbnailUrl":"https:\/\/gewerbeoberesfricktal.ch\/wp-content\/uploads\/2018\/11\/IMAG6910_ausschnitt_1200-300x199.jpg","datePublished":"2018-11-23T12:51:02+00:00","dateModified":"2021-01-04T11:35:10+00:00","description":"\u201eJahresendtreff\u201c f\u00fcr Unternehmer, Gwerbler, Freelancer, Selbst\u00e4ndige etc., solche, die es werden wollen, die Mitglieder der einladenden Vereine sowie interessierte Personen als G\u00e4ste","breadcrumb":{"@id":"https:\/\/gewerbeoberesfricktal.ch\/index.php\/2018\/11\/23\/einladung-zum-jahresendtreff-mit-betriebsbesichtigung\/#breadcrumb"},"inLanguage":"de-CH","potentialAction":[{"@type":"ReadAction","target":["https:\/\/gewerbeoberesfricktal.ch\/index.php\/2018\/11\/23\/einladung-zum-jahresendtreff-mit-betriebsbesichtigung\/"]}]},{"@type":"ImageObject","inLanguage":"de-CH","@id":"https:\/\/gewerbeoberesfricktal.ch\/index.php\/2018\/11\/23\/einladung-zum-jahresendtreff-mit-betriebsbesichtigung\/#primaryimage","url":"https:\/\/gewerbeoberesfricktal.ch\/wp-content\/uploads\/2018\/11\/IMAG6910_ausschnitt_1200.jpg","contentUrl":"https:\/\/gewerbeoberesfricktal.ch\/wp-content\/uploads\/2018\/11\/IMAG6910_ausschnitt_1200.jpg","width":1200,"height":794},{"@type":"BreadcrumbList","@id":"https:\/\/gewerbeoberesfricktal.ch\/index.php\/2018\/11\/23\/einladung-zum-jahresendtreff-mit-betriebsbesichtigung\/#breadcrumb","itemListElement":[{"@type":"ListItem","position":1,"name":"Startseite","item":"https:\/\/gewerbeoberesfricktal.ch\/"},{"@type":"ListItem","position":2,"name":"Einladung zum Jahresendtreff mit Betriebsbesichtigung"}]},{"@type":"WebSite","@id":"https:\/\/gewerbeoberesfricktal.ch\/#website","url":"https:\/\/gewerbeoberesfricktal.ch\/","name":"Gewerbeverein Oberes Fricktal","description":"Ein starkes Gewerbe braucht die Region.","publisher":{"@id":"https:\/\/gewerbeoberesfricktal.ch\/#organization"},"potentialAction":[{"@type":"SearchAction","target":{"@type":"EntryPoint","urlTemplate":"https:\/\/gewerbeoberesfricktal.ch\/?s={search_term_string}"},"query-input":{"@type":"PropertyValueSpecification","valueRequired":true,"valueName":"search_term_string"}}],"inLanguage":"de-CH"},{"@type":"Organization","@id":"https:\/\/gewerbeoberesfricktal.ch\/#organization","name":"Gewerbeverein Oberes Fricktal","url":"https:\/\/gewerbeoberesfricktal.ch\/","logo":{"@type":"ImageObject","inLanguage":"de-CH","@id":"https:\/\/gewerbeoberesfricktal.ch\/#\/schema\/logo\/image\/","url":"https:\/\/gewerbeoberesfricktal.ch\/wp-content\/uploads\/2018\/04\/GOF_Wortmarke-DEF_positiv-gruen-anthrazit_ausschnitt.jpg","contentUrl":"https:\/\/gewerbeoberesfricktal.ch\/wp-content\/uploads\/2018\/04\/GOF_Wortmarke-DEF_positiv-gruen-anthrazit_ausschnitt.jpg","width":1214,"height":498,"caption":"Gewerbeverein Oberes Fricktal"},"image":{"@id":"https:\/\/gewerbeoberesfricktal.ch\/#\/schema\/logo\/image\/"},"sameAs":["https:\/\/facebook.com\/gewerbe-oberes-fricktal"]},{"@type":"Person","@id":"https:\/\/gewerbeoberesfricktal.ch\/#\/schema\/person\/065a04cebb6078f5f0443e68802838b7","name":"Redaktor","image":{"@type":"ImageObject","inLanguage":"de-CH","@id":"https:\/\/secure.gravatar.com\/avatar\/c2995a6f233d619b75b2815d6a745127b088c106d6c48a09097bbd21f69d37f9?s=96&d=mm&r=g","url":"https:\/\/secure.gravatar.com\/avatar\/c2995a6f233d619b75b2815d6a745127b088c106d6c48a09097bbd21f69d37f9?s=96&d=mm&r=g","contentUrl":"https:\/\/secure.gravatar.com\/avatar\/c2995a6f233d619b75b2815d6a745127b088c106d6c48a09097bbd21f69d37f9?s=96&d=mm&r=g","caption":"Redaktor"},"url":"https:\/\/gewerbeoberesfricktal.ch\/index.php\/author\/redaktor\/"}]}},"_links":{"self":[{"href":"https:\/\/gewerbeoberesfricktal.ch\/index.php\/wp-json\/wp\/v2\/posts\/636","targetHints":{"allow":["GET"]}}],"collection":[{"href":"https:\/\/gewerbeoberesfricktal.ch\/index.php\/wp-json\/wp\/v2\/posts"}],"about":[{"href":"https:\/\/gewerbeoberesfricktal.ch\/index.php\/wp-json\/wp\/v2\/types\/post"}],"author":[{"embeddable":true,"href":"https:\/\/gewerbeoberesfricktal.ch\/index.php\/wp-json\/wp\/v2\/users\/3"}],"replies":[{"embeddable":true,"href":"https:\/\/gewerbeoberesfricktal.ch\/index.php\/wp-json\/wp\/v2\/comments?post=636"}],"version-history":[{"count":3,"href":"https:\/\/gewerbeoberesfricktal.ch\/index.php\/wp-json\/wp\/v2\/posts\/636\/revisions"}],"predecessor-version":[{"id":719,"href":"https:\/\/gewerbeoberesfricktal.ch\/index.php\/wp-json\/wp\/v2\/posts\/636\/revisions\/719"}],"wp:attachment":[{"href":"https:\/\/gewerbeoberesfricktal.ch\/index.php\/wp-json\/wp\/v2\/media?parent=636"}],"wp:term":[{"taxonomy":"category","embeddable":true,"href":"https:\/\/gewerbeoberesfricktal.ch\/index.php\/wp-json\/wp\/v2\/categories?post=636"},{"taxonomy":"post_tag","embeddable":true,"href":"https:\/\/gewerbeoberesfricktal.ch\/index.php\/wp-json\/wp\/v2\/tags?post=636"}],"curies":[{"name":"wp","href":"https:\/\/api.w.org\/{rel}","templated":true}]}}