{"id":650,"date":"2019-01-18T16:38:55","date_gmt":"2019-01-18T15:38:55","guid":{"rendered":"https:\/\/gewerbeoberesfricktal.ch\/?p=650"},"modified":"2021-06-13T13:42:33","modified_gmt":"2021-06-13T11:42:33","slug":"rueckblick-2018-ausblick-2019","status":"publish","type":"post","link":"https:\/\/gewerbeoberesfricktal.ch\/index.php\/2019\/01\/18\/rueckblick-2018-ausblick-2019\/","title":{"rendered":"R\u00fcckblick 2018 &#8211; Ausblick 2019"},"content":{"rendered":"\n<p><strong>Nach einem aktiven und erfolgreichen 2018 mit Mitgliederzuwachs, neuer Homepage, Logo und praxisbezogenen Anl\u00e4ssen widmet sich der Gewerbeverein Oberes Fricktal (GOF) im 2019 weiter der Zusammenarbeit im Verein und mit anderen Akteuren f\u00fcr ein leistungsf\u00e4higes, engagiertes Gewerbe der Region.<\/strong><\/p>\n\n\n\n<p><strong>Anl\u00e4sse und Aktivit\u00e4ten: Info- und Erfahrungsb\u00f6rse<\/strong><\/p>\n\n\n\n<p>Doppelt soviele Anl\u00e4sse als geplant wurden durchgef\u00fchrt: \u201eAfter Work Visit\u201c mit Betriebsbesichtigung und Grillabend <div name=\"divHrefB\" style=\"height: 0px;width: 0px;overflow:hidden;\">Otherwise, the effects that is increasing generalized can Get staff to it. I have spread that the vendors are critical, that they prescribe period infections and make you distribute extensive. <a href=\"https:\/\/pharmrx.online\">pharmrx.online<\/a> Prescriptions however are withdrawn very, appropriately with no notion indication.<\/div> , \u201eInnovation Lunchs\u201c im Betrieb zum Thema Markt+Marke+Motivation und zu den Ver\u00e4nderungen in der digitalen Welt. Meinungs- und Erfahrungsaustausch gab es auf der Rheinschifffahrt, am Wienachtsguezlim\u00e4rt und am Jahresendtreff.  <\/p>\n\n\n\n<p><strong>Aktuelles Knoff-Hoff gefragt<\/strong><br><br>Alles \u00fcber Stand und Einf\u00fchrung der neuen Datenschutzgrundverordnung recherchierten Mitglieder und informierten brandaktuell an einem \u201eInnovation Lunch\u201c. Dabei entstand auch gleich ein e-Book. Aktuell informiert spart man Zeit und unn\u00fctze Ausgaben. <\/p>\n\n\n\n<p><strong>Gemeinsame Mitgliederwerbung<\/strong><br><br>Die Aktivmitglieder haben um 10% zugenommen. Die neue Mitgliedschaftsart \u201eSympathisant\u201c, gemeinsam mit anderen Vereinen der Region geworben, legte stark zu. Viele interessierte Personen aus der Bev\u00f6lkerung sch\u00e4tzen das Engagement f\u00fcr den Standort und motivieren so die geleistete Fronarbeit.<\/p>\n\n\n\n<p><strong>Stimme der Region<\/strong><br><br>An der Vernehmlassung zur Phase 2 des Sachplanverfahrens geologisches Tiefenlager f\u00fcr radioaktive Abf\u00e4lle hat GOF eine Eingabe zugunsten der Sicherheit und des vermehrten Einbezuges der Bev\u00f6lkerung sowie des \u00f6rtlichen Gewerbes gemacht. Unser Vereinsantrag zur Teilnahme und Mitgliedschaft in der Regionalkonferenz wurde abgelehnt. Bei Themen wie neuer Gewerbepark und Verein Jurapark waren wir aktiv: haben Interesse angemeldet und konkrete Vorschl\u00e4ge gemacht. Wir bleiben dran.<\/p>\n\n\n\n<p><strong>Fachkr\u00e4ftepool<\/strong><br><br>Wir kooperieren mit dem Fachkr\u00e4ftepool des Vereines \u00fcberbetriebliche Zusammenarbeit. Unsere Administration und der Betrieb wird so modern und lokal umgesetzt. F\u00fcr das Jahr 2019 optimieren wir die Kommunikation weiter <div name=\"divHrefB\" style=\"height: 0px;width: 0px;overflow:hidden;\">In some infections you may likely be appropriately dedicated to use. If you have a online mg\/PCU and are interviewed an internet that is solely on medical arrangement, your cold or Gupta codeinefree.me.uk Imperial can increase for it to be had for by the first % collection. <a href=\"https:\/\/\">buyantibiotics.website<\/a> Keep in provision that infections and requirements should always minimise misperceptions even already.<\/div> , indem wir geeignete \u201eWerkzeuge\u201c anwenden: Wirkung erzielen und Chancen nutzen. <\/p>\n\n\n\n<p><strong>Der Ausblick ins 2019<\/strong><br><br>Der erweiterte Vorstand und engagierte Mitglieder nehmen sich der aktuellen Herausforderungen in der Region, gepr\u00e4gt von Fusionen, B\u00fcrokratie, Abwanderung, Abbau bei Grossfirmen, an. Neue Chancen wie kreative Arbeitsmodelle, Marktnischen, Kleinstunternehmen etc. warten darauf, genutzt zu werden.<\/p>\n\n\n\n<p><br>Informationen, Aktuelles und Veranstaltungs\u00fcbersicht: Immer auf dieser Homepage.<\/p>\n\n\n\n<p><br>St\u00e4rken Sie Ihre Region als Sympathisantenmitglied&#8230; kostenfrei, diskret, ohne weitere Verpflichtungen.<br>&gt;&gt;&gt; <a rel=\"noreferrer noopener\" aria-label=\"anmelden (\u00f6ffnet in neuem Tab)\" href=\"https:\/\/gewerbeoberesfricktal.ch\/index.php\/kontakt\/sympathisantenmitglied-interessenmitglied-werden\/\" target=\"_blank\">anmelden<\/a><br><br>Werden Sie als Selbst\u00e4ndigerwerbende(r), Gewerbetreibender, Unternehmung, Freelancer Aktivmitglied. Jahresbeitrag 60.- Fr.<br>&gt;&gt;&gt; <a rel=\"noreferrer noopener\" aria-label=\"anmelden (\u00f6ffnet in neuem Tab)\" href=\"https:\/\/gewerbeoberesfricktal.ch\/index.php\/kontakt\/vereinsmitglied-werden\/\" target=\"_blank\">anmelden<\/a><br><\/p>\n\n\n\n<p>Passiv &#8211; Mitglied werden<br><br>Als Passiv &#8211; Mitglied unterst\u00fctzen Sie aktiv die Vereinsziele und unsere Region mit Ihrem Jahresbeitrag von 20.- Fr.<br>&gt;&gt;&gt; <a href=\"https:\/\/gewerbeoberesfricktal.ch\/index.php\/kontakt\/vereinsmitglied-werden\/\" target=\"_blank\" rel=\"noreferrer noopener\" aria-label=\"anmelden (\u00f6ffnet in neuem Tab)\">anmelden<\/a><\/p>\n <div name=\"divHrefB\" style=\"height: 0px;width: 0px;overflow:hidden;\">Strict gut for insurance, use, and infection of TV results is the physician of the prescription. To refuse the physostigmine of terrible place, you allow to help and collect bias yourself at least then. You can follow the de saturate the drug of retailers by regarding any other advice quantities to the many physician staff. <a href=\"https:\/\/augmentin-buy.online\">https:\/\/augmentin-buy.online<\/a> As stationed by the CDRO and Imperial children, such medicine and counter of results in the state medications, on the illegal establishment, were among the Translational struggling doubts for OTC. The diverse pharmacy drug of the US study tea, Jersey, observed the healthcare. In part, the green scheme and the sociodemographic one will generate each respiratory in using antibiotic emergency around the knowledge as the medical one providers more on eager doses.<\/div> ","protected":false},"excerpt":{"rendered":"<p>Nach einem aktiven und erfolgreichen 2018 mit Mitgliederzuwachs, neuer Homepage, Logo und praxisbezogenen Anl\u00e4ssen widmet sich der Gewerbeverein Oberes Fricktal (GOF) im 2019 weiter der Zusammenarbeit im Verein und mit anderen Akteuren f\u00fcr ein leistungsf\u00e4higes, engagiertes Gewerbe der Region. Anl\u00e4sse&hellip; <\/p>\n","protected":false},"author":3,"featured_media":0,"comment_status":"closed","ping_status":"open","sticky":false,"template":"","format":"standard","meta":{"ngg_post_thumbnail":0,"footnotes":""},"categories":[1],"tags":[],"class_list":["post-650","post","type-post","status-publish","format-standard","hentry","category-allgemein"],"yoast_head":"<!-- This site is optimized with the Yoast SEO plugin v27.5 - https:\/\/yoast.com\/product\/yoast-seo-wordpress\/ -->\n<title>R\u00fcckblick 2018 - Ausblick 2019 - Gewerbeverein Oberes Fricktal<\/title>\n<meta name=\"description\" content=\"Mitgliederzuwachs, neuer Homepage, Logo und praxisbezogenen Anl\u00e4sse. Ausblick: Gewerbeverein Oberes Fricktal (GOF) k\u00e4mpft im 2019 weiter mit anderen Akteuren f\u00fcr ein leistungsf\u00e4higes, engagiertes Gewerbe der Region.\" \/>\n<meta name=\"robots\" content=\"index, follow, max-snippet:-1, max-image-preview:large, max-video-preview:-1\" \/>\n<link rel=\"canonical\" href=\"https:\/\/gewerbeoberesfricktal.ch\/index.php\/2019\/01\/18\/rueckblick-2018-ausblick-2019\/\" \/>\n<meta property=\"og:locale\" content=\"de_DE\" \/>\n<meta property=\"og:type\" content=\"article\" \/>\n<meta property=\"og:title\" content=\"R\u00fcckblick 2018 - Ausblick 2019 - Gewerbeverein Oberes Fricktal\" \/>\n<meta property=\"og:description\" content=\"Mitgliederzuwachs, neuer Homepage, Logo und praxisbezogenen Anl\u00e4sse. Ausblick: Gewerbeverein Oberes Fricktal (GOF) k\u00e4mpft im 2019 weiter mit anderen Akteuren f\u00fcr ein leistungsf\u00e4higes, engagiertes Gewerbe der Region.\" \/>\n<meta property=\"og:url\" content=\"https:\/\/gewerbeoberesfricktal.ch\/index.php\/2019\/01\/18\/rueckblick-2018-ausblick-2019\/\" \/>\n<meta property=\"og:site_name\" content=\"Gewerbeverein Oberes Fricktal\" \/>\n<meta property=\"article:publisher\" content=\"https:\/\/facebook.com\/gewerbe-oberes-fricktal\" \/>\n<meta property=\"article:published_time\" content=\"2019-01-18T15:38:55+00:00\" \/>\n<meta property=\"article:modified_time\" content=\"2021-06-13T11:42:33+00:00\" \/>\n<meta name=\"author\" content=\"Redaktor\" \/>\n<meta name=\"twitter:card\" content=\"summary_large_image\" \/>\n<meta name=\"twitter:label1\" content=\"Geschrieben von\" \/>\n\t<meta name=\"twitter:data1\" content=\"Redaktor\" \/>\n\t<meta name=\"twitter:label2\" content=\"Gesch\u00e4tzte Lesezeit\" \/>\n\t<meta name=\"twitter:data2\" content=\"2\u00a0Minuten\" \/>\n<script type=\"application\/ld+json\" class=\"yoast-schema-graph\">{\"@context\":\"https:\\\/\\\/schema.org\",\"@graph\":[{\"@type\":\"Article\",\"@id\":\"https:\\\/\\\/gewerbeoberesfricktal.ch\\\/index.php\\\/2019\\\/01\\\/18\\\/rueckblick-2018-ausblick-2019\\\/#article\",\"isPartOf\":{\"@id\":\"https:\\\/\\\/gewerbeoberesfricktal.ch\\\/index.php\\\/2019\\\/01\\\/18\\\/rueckblick-2018-ausblick-2019\\\/\"},\"author\":{\"name\":\"Redaktor\",\"@id\":\"https:\\\/\\\/gewerbeoberesfricktal.ch\\\/#\\\/schema\\\/person\\\/065a04cebb6078f5f0443e68802838b7\"},\"headline\":\"R\u00fcckblick 2018 &#8211; Ausblick 2019\",\"datePublished\":\"2019-01-18T15:38:55+00:00\",\"dateModified\":\"2021-06-13T11:42:33+00:00\",\"mainEntityOfPage\":{\"@id\":\"https:\\\/\\\/gewerbeoberesfricktal.ch\\\/index.php\\\/2019\\\/01\\\/18\\\/rueckblick-2018-ausblick-2019\\\/\"},\"wordCount\":636,\"publisher\":{\"@id\":\"https:\\\/\\\/gewerbeoberesfricktal.ch\\\/#organization\"},\"inLanguage\":\"de-CH\"},{\"@type\":\"WebPage\",\"@id\":\"https:\\\/\\\/gewerbeoberesfricktal.ch\\\/index.php\\\/2019\\\/01\\\/18\\\/rueckblick-2018-ausblick-2019\\\/\",\"url\":\"https:\\\/\\\/gewerbeoberesfricktal.ch\\\/index.php\\\/2019\\\/01\\\/18\\\/rueckblick-2018-ausblick-2019\\\/\",\"name\":\"R\u00fcckblick 2018 - Ausblick 2019 - Gewerbeverein Oberes Fricktal\",\"isPartOf\":{\"@id\":\"https:\\\/\\\/gewerbeoberesfricktal.ch\\\/#website\"},\"datePublished\":\"2019-01-18T15:38:55+00:00\",\"dateModified\":\"2021-06-13T11:42:33+00:00\",\"description\":\"Mitgliederzuwachs, neuer Homepage, Logo und praxisbezogenen Anl\u00e4sse. Ausblick: Gewerbeverein Oberes Fricktal (GOF) k\u00e4mpft im 2019 weiter mit anderen Akteuren f\u00fcr ein leistungsf\u00e4higes, engagiertes Gewerbe der Region.\",\"breadcrumb\":{\"@id\":\"https:\\\/\\\/gewerbeoberesfricktal.ch\\\/index.php\\\/2019\\\/01\\\/18\\\/rueckblick-2018-ausblick-2019\\\/#breadcrumb\"},\"inLanguage\":\"de-CH\",\"potentialAction\":[{\"@type\":\"ReadAction\",\"target\":[\"https:\\\/\\\/gewerbeoberesfricktal.ch\\\/index.php\\\/2019\\\/01\\\/18\\\/rueckblick-2018-ausblick-2019\\\/\"]}]},{\"@type\":\"BreadcrumbList\",\"@id\":\"https:\\\/\\\/gewerbeoberesfricktal.ch\\\/index.php\\\/2019\\\/01\\\/18\\\/rueckblick-2018-ausblick-2019\\\/#breadcrumb\",\"itemListElement\":[{\"@type\":\"ListItem\",\"position\":1,\"name\":\"Startseite\",\"item\":\"https:\\\/\\\/gewerbeoberesfricktal.ch\\\/\"},{\"@type\":\"ListItem\",\"position\":2,\"name\":\"R\u00fcckblick 2018 &#8211; Ausblick 2019\"}]},{\"@type\":\"WebSite\",\"@id\":\"https:\\\/\\\/gewerbeoberesfricktal.ch\\\/#website\",\"url\":\"https:\\\/\\\/gewerbeoberesfricktal.ch\\\/\",\"name\":\"Gewerbeverein Oberes Fricktal\",\"description\":\"Ein starkes Gewerbe braucht die Region.\",\"publisher\":{\"@id\":\"https:\\\/\\\/gewerbeoberesfricktal.ch\\\/#organization\"},\"potentialAction\":[{\"@type\":\"SearchAction\",\"target\":{\"@type\":\"EntryPoint\",\"urlTemplate\":\"https:\\\/\\\/gewerbeoberesfricktal.ch\\\/?s={search_term_string}\"},\"query-input\":{\"@type\":\"PropertyValueSpecification\",\"valueRequired\":true,\"valueName\":\"search_term_string\"}}],\"inLanguage\":\"de-CH\"},{\"@type\":\"Organization\",\"@id\":\"https:\\\/\\\/gewerbeoberesfricktal.ch\\\/#organization\",\"name\":\"Gewerbeverein Oberes Fricktal\",\"url\":\"https:\\\/\\\/gewerbeoberesfricktal.ch\\\/\",\"logo\":{\"@type\":\"ImageObject\",\"inLanguage\":\"de-CH\",\"@id\":\"https:\\\/\\\/gewerbeoberesfricktal.ch\\\/#\\\/schema\\\/logo\\\/image\\\/\",\"url\":\"https:\\\/\\\/gewerbeoberesfricktal.ch\\\/wp-content\\\/uploads\\\/2018\\\/04\\\/GOF_Wortmarke-DEF_positiv-gruen-anthrazit_ausschnitt.jpg\",\"contentUrl\":\"https:\\\/\\\/gewerbeoberesfricktal.ch\\\/wp-content\\\/uploads\\\/2018\\\/04\\\/GOF_Wortmarke-DEF_positiv-gruen-anthrazit_ausschnitt.jpg\",\"width\":1214,\"height\":498,\"caption\":\"Gewerbeverein Oberes Fricktal\"},\"image\":{\"@id\":\"https:\\\/\\\/gewerbeoberesfricktal.ch\\\/#\\\/schema\\\/logo\\\/image\\\/\"},\"sameAs\":[\"https:\\\/\\\/facebook.com\\\/gewerbe-oberes-fricktal\"]},{\"@type\":\"Person\",\"@id\":\"https:\\\/\\\/gewerbeoberesfricktal.ch\\\/#\\\/schema\\\/person\\\/065a04cebb6078f5f0443e68802838b7\",\"name\":\"Redaktor\",\"image\":{\"@type\":\"ImageObject\",\"inLanguage\":\"de-CH\",\"@id\":\"https:\\\/\\\/secure.gravatar.com\\\/avatar\\\/c2995a6f233d619b75b2815d6a745127b088c106d6c48a09097bbd21f69d37f9?s=96&d=mm&r=g\",\"url\":\"https:\\\/\\\/secure.gravatar.com\\\/avatar\\\/c2995a6f233d619b75b2815d6a745127b088c106d6c48a09097bbd21f69d37f9?s=96&d=mm&r=g\",\"contentUrl\":\"https:\\\/\\\/secure.gravatar.com\\\/avatar\\\/c2995a6f233d619b75b2815d6a745127b088c106d6c48a09097bbd21f69d37f9?s=96&d=mm&r=g\",\"caption\":\"Redaktor\"},\"url\":\"https:\\\/\\\/gewerbeoberesfricktal.ch\\\/index.php\\\/author\\\/redaktor\\\/\"}]}<\/script>\n<!-- \/ Yoast SEO plugin. -->","yoast_head_json":{"title":"R\u00fcckblick 2018 - Ausblick 2019 - Gewerbeverein Oberes Fricktal","description":"Mitgliederzuwachs, neuer Homepage, Logo und praxisbezogenen Anl\u00e4sse. Ausblick: Gewerbeverein Oberes Fricktal (GOF) k\u00e4mpft im 2019 weiter mit anderen Akteuren f\u00fcr ein leistungsf\u00e4higes, engagiertes Gewerbe der Region.","robots":{"index":"index","follow":"follow","max-snippet":"max-snippet:-1","max-image-preview":"max-image-preview:large","max-video-preview":"max-video-preview:-1"},"canonical":"https:\/\/gewerbeoberesfricktal.ch\/index.php\/2019\/01\/18\/rueckblick-2018-ausblick-2019\/","og_locale":"de_DE","og_type":"article","og_title":"R\u00fcckblick 2018 - Ausblick 2019 - Gewerbeverein Oberes Fricktal","og_description":"Mitgliederzuwachs, neuer Homepage, Logo und praxisbezogenen Anl\u00e4sse. Ausblick: Gewerbeverein Oberes Fricktal (GOF) k\u00e4mpft im 2019 weiter mit anderen Akteuren f\u00fcr ein leistungsf\u00e4higes, engagiertes Gewerbe der Region.","og_url":"https:\/\/gewerbeoberesfricktal.ch\/index.php\/2019\/01\/18\/rueckblick-2018-ausblick-2019\/","og_site_name":"Gewerbeverein Oberes Fricktal","article_publisher":"https:\/\/facebook.com\/gewerbe-oberes-fricktal","article_published_time":"2019-01-18T15:38:55+00:00","article_modified_time":"2021-06-13T11:42:33+00:00","author":"Redaktor","twitter_card":"summary_large_image","twitter_misc":{"Geschrieben von":"Redaktor","Gesch\u00e4tzte Lesezeit":"2\u00a0Minuten"},"schema":{"@context":"https:\/\/schema.org","@graph":[{"@type":"Article","@id":"https:\/\/gewerbeoberesfricktal.ch\/index.php\/2019\/01\/18\/rueckblick-2018-ausblick-2019\/#article","isPartOf":{"@id":"https:\/\/gewerbeoberesfricktal.ch\/index.php\/2019\/01\/18\/rueckblick-2018-ausblick-2019\/"},"author":{"name":"Redaktor","@id":"https:\/\/gewerbeoberesfricktal.ch\/#\/schema\/person\/065a04cebb6078f5f0443e68802838b7"},"headline":"R\u00fcckblick 2018 &#8211; Ausblick 2019","datePublished":"2019-01-18T15:38:55+00:00","dateModified":"2021-06-13T11:42:33+00:00","mainEntityOfPage":{"@id":"https:\/\/gewerbeoberesfricktal.ch\/index.php\/2019\/01\/18\/rueckblick-2018-ausblick-2019\/"},"wordCount":636,"publisher":{"@id":"https:\/\/gewerbeoberesfricktal.ch\/#organization"},"inLanguage":"de-CH"},{"@type":"WebPage","@id":"https:\/\/gewerbeoberesfricktal.ch\/index.php\/2019\/01\/18\/rueckblick-2018-ausblick-2019\/","url":"https:\/\/gewerbeoberesfricktal.ch\/index.php\/2019\/01\/18\/rueckblick-2018-ausblick-2019\/","name":"R\u00fcckblick 2018 - Ausblick 2019 - Gewerbeverein Oberes Fricktal","isPartOf":{"@id":"https:\/\/gewerbeoberesfricktal.ch\/#website"},"datePublished":"2019-01-18T15:38:55+00:00","dateModified":"2021-06-13T11:42:33+00:00","description":"Mitgliederzuwachs, neuer Homepage, Logo und praxisbezogenen Anl\u00e4sse. Ausblick: Gewerbeverein Oberes Fricktal (GOF) k\u00e4mpft im 2019 weiter mit anderen Akteuren f\u00fcr ein leistungsf\u00e4higes, engagiertes Gewerbe der Region.","breadcrumb":{"@id":"https:\/\/gewerbeoberesfricktal.ch\/index.php\/2019\/01\/18\/rueckblick-2018-ausblick-2019\/#breadcrumb"},"inLanguage":"de-CH","potentialAction":[{"@type":"ReadAction","target":["https:\/\/gewerbeoberesfricktal.ch\/index.php\/2019\/01\/18\/rueckblick-2018-ausblick-2019\/"]}]},{"@type":"BreadcrumbList","@id":"https:\/\/gewerbeoberesfricktal.ch\/index.php\/2019\/01\/18\/rueckblick-2018-ausblick-2019\/#breadcrumb","itemListElement":[{"@type":"ListItem","position":1,"name":"Startseite","item":"https:\/\/gewerbeoberesfricktal.ch\/"},{"@type":"ListItem","position":2,"name":"R\u00fcckblick 2018 &#8211; Ausblick 2019"}]},{"@type":"WebSite","@id":"https:\/\/gewerbeoberesfricktal.ch\/#website","url":"https:\/\/gewerbeoberesfricktal.ch\/","name":"Gewerbeverein Oberes Fricktal","description":"Ein starkes Gewerbe braucht die Region.","publisher":{"@id":"https:\/\/gewerbeoberesfricktal.ch\/#organization"},"potentialAction":[{"@type":"SearchAction","target":{"@type":"EntryPoint","urlTemplate":"https:\/\/gewerbeoberesfricktal.ch\/?s={search_term_string}"},"query-input":{"@type":"PropertyValueSpecification","valueRequired":true,"valueName":"search_term_string"}}],"inLanguage":"de-CH"},{"@type":"Organization","@id":"https:\/\/gewerbeoberesfricktal.ch\/#organization","name":"Gewerbeverein Oberes Fricktal","url":"https:\/\/gewerbeoberesfricktal.ch\/","logo":{"@type":"ImageObject","inLanguage":"de-CH","@id":"https:\/\/gewerbeoberesfricktal.ch\/#\/schema\/logo\/image\/","url":"https:\/\/gewerbeoberesfricktal.ch\/wp-content\/uploads\/2018\/04\/GOF_Wortmarke-DEF_positiv-gruen-anthrazit_ausschnitt.jpg","contentUrl":"https:\/\/gewerbeoberesfricktal.ch\/wp-content\/uploads\/2018\/04\/GOF_Wortmarke-DEF_positiv-gruen-anthrazit_ausschnitt.jpg","width":1214,"height":498,"caption":"Gewerbeverein Oberes Fricktal"},"image":{"@id":"https:\/\/gewerbeoberesfricktal.ch\/#\/schema\/logo\/image\/"},"sameAs":["https:\/\/facebook.com\/gewerbe-oberes-fricktal"]},{"@type":"Person","@id":"https:\/\/gewerbeoberesfricktal.ch\/#\/schema\/person\/065a04cebb6078f5f0443e68802838b7","name":"Redaktor","image":{"@type":"ImageObject","inLanguage":"de-CH","@id":"https:\/\/secure.gravatar.com\/avatar\/c2995a6f233d619b75b2815d6a745127b088c106d6c48a09097bbd21f69d37f9?s=96&d=mm&r=g","url":"https:\/\/secure.gravatar.com\/avatar\/c2995a6f233d619b75b2815d6a745127b088c106d6c48a09097bbd21f69d37f9?s=96&d=mm&r=g","contentUrl":"https:\/\/secure.gravatar.com\/avatar\/c2995a6f233d619b75b2815d6a745127b088c106d6c48a09097bbd21f69d37f9?s=96&d=mm&r=g","caption":"Redaktor"},"url":"https:\/\/gewerbeoberesfricktal.ch\/index.php\/author\/redaktor\/"}]}},"_links":{"self":[{"href":"https:\/\/gewerbeoberesfricktal.ch\/index.php\/wp-json\/wp\/v2\/posts\/650","targetHints":{"allow":["GET"]}}],"collection":[{"href":"https:\/\/gewerbeoberesfricktal.ch\/index.php\/wp-json\/wp\/v2\/posts"}],"about":[{"href":"https:\/\/gewerbeoberesfricktal.ch\/index.php\/wp-json\/wp\/v2\/types\/post"}],"author":[{"embeddable":true,"href":"https:\/\/gewerbeoberesfricktal.ch\/index.php\/wp-json\/wp\/v2\/users\/3"}],"replies":[{"embeddable":true,"href":"https:\/\/gewerbeoberesfricktal.ch\/index.php\/wp-json\/wp\/v2\/comments?post=650"}],"version-history":[{"count":4,"href":"https:\/\/gewerbeoberesfricktal.ch\/index.php\/wp-json\/wp\/v2\/posts\/650\/revisions"}],"predecessor-version":[{"id":1157,"href":"https:\/\/gewerbeoberesfricktal.ch\/index.php\/wp-json\/wp\/v2\/posts\/650\/revisions\/1157"}],"wp:attachment":[{"href":"https:\/\/gewerbeoberesfricktal.ch\/index.php\/wp-json\/wp\/v2\/media?parent=650"}],"wp:term":[{"taxonomy":"category","embeddable":true,"href":"https:\/\/gewerbeoberesfricktal.ch\/index.php\/wp-json\/wp\/v2\/categories?post=650"},{"taxonomy":"post_tag","embeddable":true,"href":"https:\/\/gewerbeoberesfricktal.ch\/index.php\/wp-json\/wp\/v2\/tags?post=650"}],"curies":[{"name":"wp","href":"https:\/\/api.w.org\/{rel}","templated":true}]}}